{"id":8623,"date":"2021-11-25T02:52:56","date_gmt":"2021-11-25T02:52:56","guid":{"rendered":"https:\/\/elections.montreal.ca\/?p=8623"},"modified":"2021-12-08T17:17:42","modified_gmt":"2021-12-08T17:17:42","slug":"nouveau-depouillement-et-nouvelles-confirmations-delection","status":"publish","type":"post","link":"https:\/\/elections.montreal.ca\/fr\/nouveau-depouillement-et-nouvelles-confirmations-delection\/","title":{"rendered":"Nouveau d\u00e9pouillement et nouvelles confirmations d\u2019\u00e9lection"},"content":{"rendered":"<p><\/p>\n\n\n\n<p>Au terme d&rsquo;un nouveau d&eacute;pouillement des votes, le juge Sylvain Coutl&eacute;e de la Cour du Qu&eacute;bec a certifi&eacute; les r&eacute;sultats de l&rsquo;&eacute;lection au poste de mairesse ou maire de l&rsquo;<span class=\"glossaryLink\"  aria-describedby=\"tt\"  data-cmtooltip=\"&lt;div class=glossaryItemTitle&gt;Arrondissement&lt;\/div&gt;&lt;div class=glossaryItemBody&gt;&amp;lt;!-- wp:paragraph --&amp;gt;Division administrative de la Ville&amp;lt;br\/&amp;gt;&amp;lt;!-- \/wp:paragraph --&amp;gt;&lt;\/div&gt;\"  data-gt-translate-attributes='[{\"attribute\":\"data-cmtooltip\", \"format\":\"html\"}]' tabindex='0' role='link'>arrondissement<\/span> C&ocirc;te-des-Neiges-Notre-Dame-de-Grace. Par le fait m&ecirc;me, Gracia Kasoki Katahwa est confirm&eacute;e en tant que personne &eacute;lue &agrave; ce poste<\/p>\n\n\n<div class=\"gutenberg-table\">\n<figure class=\"wp-block-table is-style-stripes\"><table><tbody><tr><td><strong>Personne candidate<\/strong><\/td><td class=\"has-text-align-center\" data-align=\"center\"><strong>Nombre de votes obtenus au terme du nouveau d&eacute;pouillement (24 nov.)<\/strong><\/td><td class=\"has-text-align-center\" data-align=\"center\"><strong>R&eacute;sultat initial de l&rsquo;&eacute;lection (7 nov.)<\/strong><\/td><\/tr><tr><td>Gracia Kasoki Katahwa<\/td><td class=\"has-text-align-center\" data-align=\"center\">11 964<\/td><td class=\"has-text-align-center\" data-align=\"center\">12 013<\/td><\/tr><tr><td>Lionel Perez<\/td><td class=\"has-text-align-center\" data-align=\"center\">11 803<\/td><td class=\"has-text-align-center\" data-align=\"center\">11 801<\/td><\/tr><tr><td>Matthew Kerr<\/td><td class=\"has-text-align-center\" data-align=\"center\">3 569<\/td><td class=\"has-text-align-center\" data-align=\"center\">3 568<\/td><\/tr><tr><td>Sue Montgomery<\/td><td class=\"has-text-align-center\" data-align=\"center\">3 115<\/td><td class=\"has-text-align-center\" data-align=\"center\">3 116<\/td><\/tr><tr><td>Alexander Montagano<\/td><td class=\"has-text-align-center\" data-align=\"center\">1 135<\/td><td class=\"has-text-align-center\" data-align=\"center\">1 143<\/td><\/tr><tr><td>Neal Mukherjee<\/td><td class=\"has-text-align-center\" data-align=\"center\">263<\/td><td class=\"has-text-align-center\" data-align=\"center\">266<\/td><\/tr><\/tbody><\/table><\/figure>\n<\/div>\n\n\n<p>Dans le cadre d&rsquo;un nouveau d&eacute;pouillement menant aussi &agrave; un examen minutieux des votes, le juge &Eacute;ric Dufour a certifi&eacute; les r&eacute;sultats de l&rsquo;&eacute;lection au poste de conseill&egrave;re ou conseiller de la Ville du district Pointe-aux-Prairies de l&rsquo;arrondissement Rivi&egrave;re-des-Prairie&#19968;Pointe-aux-Trembles. Lisa Christensen a &eacute;t&eacute; confirm&eacute;e comme &eacute;tant la personne candidate ayant remport&eacute; cette course.<\/p>\n\n\n<div class=\"gutenberg-table\">\n<figure class=\"wp-block-table is-style-stripes\"><table><tbody><tr><td><strong>Personne candidate<\/strong><\/td><td class=\"has-text-align-center\" data-align=\"center\"><strong>Nombre de votes obtenus au terme du nouveau d&eacute;pouillement (24 nov.)<\/strong><\/td><td class=\"has-text-align-center\" data-align=\"center\"><strong>R&eacute;sultat initial de l&rsquo;&eacute;lection (7 nov.)<\/strong><\/td><\/tr><tr><td>Lisa Christensen<\/td><td class=\"has-text-align-center\" data-align=\"center\">&nbsp;4 695<\/td><td class=\"has-text-align-center\" data-align=\"center\">4 695<\/td><\/tr><tr><td>Vincent Girard<\/td><td class=\"has-text-align-center\" data-align=\"center\">4 682<\/td><td class=\"has-text-align-center\" data-align=\"center\">4 682<\/td><\/tr><tr><td>Paulo Saade<\/td><td class=\"has-text-align-center\" data-align=\"center\">535<\/td><td class=\"has-text-align-center\" data-align=\"center\">539<\/td><\/tr><\/tbody><\/table><\/figure>\n<\/div>\n\n\n<p>Deux derniers d&eacute;pouillements seront r&eacute;alis&eacute;s &agrave; la Cour du Qu&eacute;bec les 25 et 26 novembre. &Eacute;lections Montr&eacute;al offre son enti&egrave;re collaboration au tribunal dans ces &eacute;tapes qui permettront de conna&icirc;tre la liste compl&egrave;te des 103 personnes &eacute;lues &agrave; l&rsquo;<span class=\"glossaryLink\"  aria-describedby=\"tt\"  data-cmtooltip=\"&lt;div class=glossaryItemTitle&gt;&Eacute;lection g&eacute;n&eacute;rale&lt;\/div&gt;&lt;div class=glossaryItemBody&gt;&amp;lt;!-- wp:paragraph --&amp;gt;&Eacute;lection qui se d&eacute;roule tous les quatre ans tenue simultan&eacute;ment dans les 19 arrondissements de la Ville de Montr&eacute;al ainsi que dans l&amp;#039;ensemble des autres municipalit&eacute;s qu&eacute;b&eacute;coises le premier dimanche du mois de novembre. L&amp;#039;&eacute;lection g&eacute;n&eacute;rale vise &agrave; combler les 103 postes &eacute;lectifs que compte la Ville de Montr&eacute;al.&amp;lt;br\/&amp;gt;&amp;lt;!-- \/wp:paragraph --&amp;gt;&lt;\/div&gt;\"  data-gt-translate-attributes='[{\"attribute\":\"data-cmtooltip\", \"format\":\"html\"}]' tabindex='0' role='link'>&eacute;lection g&eacute;n&eacute;rale<\/span> de 2021.<\/p>\n\n\n\n<p><\/p>\n","protected":false},"excerpt":{"rendered":"<p>Au terme d\u2019un nouveau d\u00e9pouillement des votes, le juge Sylvain Coutl\u00e9e de la Cour du Qu\u00e9bec a certifi\u00e9 les r\u00e9sultats de l\u2019\u00e9lection au poste de mairesse ou maire de l\u2019arrondissement C\u00f4te-des-Neiges-Notre-Dame-de-Grace. Par le fait m\u00eame, Gracia Kasoki Katahwa est confirm\u00e9e en tant que personne \u00e9lue \u00e0 ce poste Personne candidate Nombre de votes obtenus au &hellip; <a href=\"https:\/\/elections.montreal.ca\/fr\/nouveau-depouillement-et-nouvelles-confirmations-delection\/\">Continued<\/a><\/p>\n","protected":false},"author":24,"featured_media":0,"comment_status":"open","ping_status":"open","sticky":false,"template":"","format":"standard","meta":{"_acf_changed":false,"_relevanssi_hide_post":"","_relevanssi_hide_content":"","_relevanssi_pin_for_all":"","_relevanssi_pin_keywords":"","_relevanssi_unpin_keywords":"","_relevanssi_related_keywords":"","_relevanssi_related_include_ids":"","_relevanssi_related_exclude_ids":"","_relevanssi_related_no_append":"","_relevanssi_related_not_related":"","_relevanssi_related_posts":"7641,8048,8485,8548,8593","_relevanssi_noindex_reason":"","inline_featured_image":false,"footnotes":""},"categories":[89],"tags":[],"class_list":["post-8623","post","type-post","status-publish","format-standard","hentry","category-elections-generales"],"acf":[],"yoast_head":"<!-- This site is optimized with the Yoast SEO plugin v27.4 - https:\/\/yoast.com\/product\/yoast-seo-wordpress\/ -->\n<title>Nouveau d\u00e9pouillement et nouvelles confirmations d\u2019\u00e9lection - \u00c9lections Montr\u00e9al<\/title>\n<meta name=\"robots\" content=\"index, follow, max-snippet:-1, max-image-preview:large, max-video-preview:-1\" \/>\n<link rel=\"canonical\" href=\"https:\/\/elections.montreal.ca\/fr\/nouveau-depouillement-et-nouvelles-confirmations-delection\/\" \/>\n<meta property=\"og:locale\" content=\"fr_FR\" \/>\n<meta property=\"og:type\" content=\"article\" \/>\n<meta property=\"og:title\" content=\"Nouveau d\u00e9pouillement et nouvelles confirmations d\u2019\u00e9lection - \u00c9lections Montr\u00e9al\" \/>\n<meta property=\"og:description\" content=\"Au terme d\u2019un nouveau d\u00e9pouillement des votes, le juge Sylvain Coutl\u00e9e de la Cour du Qu\u00e9bec a certifi\u00e9 les r\u00e9sultats de l\u2019\u00e9lection au poste de mairesse ou maire de l\u2019arrondissement C\u00f4te-des-Neiges-Notre-Dame-de-Grace. Par le fait m\u00eame, Gracia Kasoki Katahwa est confirm\u00e9e en tant que personne \u00e9lue \u00e0 ce poste Personne candidate Nombre de votes obtenus au &hellip; Continued\" \/>\n<meta property=\"og:url\" content=\"https:\/\/elections.montreal.ca\/fr\/nouveau-depouillement-et-nouvelles-confirmations-delection\/\" \/>\n<meta property=\"og:site_name\" content=\"\u00c9lections Montr\u00e9al\" \/>\n<meta property=\"article:publisher\" content=\"https:\/\/www.facebook.com\/electionMTL\" \/>\n<meta property=\"article:published_time\" content=\"2021-11-25T02:52:56+00:00\" \/>\n<meta property=\"article:modified_time\" content=\"2021-12-08T17:17:42+00:00\" \/>\n<meta name=\"author\" content=\"Marc Lebel\" \/>\n<meta name=\"twitter:card\" content=\"summary_large_image\" \/>\n<meta name=\"twitter:creator\" content=\"@election_MTL\" \/>\n<meta name=\"twitter:site\" content=\"@election_MTL\" \/>\n<meta name=\"twitter:label1\" content=\"\u00c9crit par\" \/>\n\t<meta name=\"twitter:data1\" content=\"Marc Lebel\" \/>\n\t<meta name=\"twitter:label2\" content=\"Dur\u00e9e de lecture estim\u00e9e\" \/>\n\t<meta name=\"twitter:data2\" content=\"2 minutes\" \/>\n<script type=\"application\/ld+json\" class=\"yoast-schema-graph\">{\"@context\":\"https:\\\/\\\/schema.org\",\"@graph\":[{\"@type\":\"Article\",\"@id\":\"https:\\\/\\\/elections.montreal.ca\\\/fr\\\/nouveau-depouillement-et-nouvelles-confirmations-delection\\\/#article\",\"isPartOf\":{\"@id\":\"https:\\\/\\\/elections.montreal.ca\\\/fr\\\/nouveau-depouillement-et-nouvelles-confirmations-delection\\\/\"},\"author\":{\"name\":\"Marc Lebel\",\"@id\":\"https:\\\/\\\/elections.montreal.ca\\\/fr\\\/#\\\/schema\\\/person\\\/1432b28022b88d4dd24b23de5f66a67f\"},\"headline\":\"Nouveau d\u00e9pouillement et nouvelles confirmations d\u2019\u00e9lection\",\"datePublished\":\"2021-11-25T02:52:56+00:00\",\"dateModified\":\"2021-12-08T17:17:42+00:00\",\"mainEntityOfPage\":{\"@id\":\"https:\\\/\\\/elections.montreal.ca\\\/fr\\\/nouveau-depouillement-et-nouvelles-confirmations-delection\\\/\"},\"wordCount\":233,\"commentCount\":0,\"articleSection\":[\"\u00c9lections g\u00e9n\u00e9rales\"],\"inLanguage\":\"fr-FR\",\"potentialAction\":[{\"@type\":\"CommentAction\",\"name\":\"Comment\",\"target\":[\"https:\\\/\\\/elections.montreal.ca\\\/fr\\\/nouveau-depouillement-et-nouvelles-confirmations-delection\\\/#respond\"]}]},{\"@type\":\"WebPage\",\"@id\":\"https:\\\/\\\/elections.montreal.ca\\\/fr\\\/nouveau-depouillement-et-nouvelles-confirmations-delection\\\/\",\"url\":\"https:\\\/\\\/elections.montreal.ca\\\/fr\\\/nouveau-depouillement-et-nouvelles-confirmations-delection\\\/\",\"name\":\"Nouveau d\u00e9pouillement et nouvelles confirmations d\u2019\u00e9lection - \u00c9lections Montr\u00e9al\",\"isPartOf\":{\"@id\":\"https:\\\/\\\/elections.montreal.ca\\\/fr\\\/#website\"},\"datePublished\":\"2021-11-25T02:52:56+00:00\",\"dateModified\":\"2021-12-08T17:17:42+00:00\",\"author\":{\"@id\":\"https:\\\/\\\/elections.montreal.ca\\\/fr\\\/#\\\/schema\\\/person\\\/1432b28022b88d4dd24b23de5f66a67f\"},\"breadcrumb\":{\"@id\":\"https:\\\/\\\/elections.montreal.ca\\\/fr\\\/nouveau-depouillement-et-nouvelles-confirmations-delection\\\/#breadcrumb\"},\"inLanguage\":\"fr-FR\",\"potentialAction\":[{\"@type\":\"ReadAction\",\"target\":[\"https:\\\/\\\/elections.montreal.ca\\\/fr\\\/nouveau-depouillement-et-nouvelles-confirmations-delection\\\/\"]}]},{\"@type\":\"BreadcrumbList\",\"@id\":\"https:\\\/\\\/elections.montreal.ca\\\/fr\\\/nouveau-depouillement-et-nouvelles-confirmations-delection\\\/#breadcrumb\",\"itemListElement\":[{\"@type\":\"ListItem\",\"position\":1,\"name\":\"Accueil\",\"item\":\"https:\\\/\\\/elections.montreal.ca\\\/fr\\\/\"},{\"@type\":\"ListItem\",\"position\":2,\"name\":\"Nouveau d\u00e9pouillement et nouvelles confirmations d\u2019\u00e9lection\"}]},{\"@type\":\"WebSite\",\"@id\":\"https:\\\/\\\/elections.montreal.ca\\\/fr\\\/#website\",\"url\":\"https:\\\/\\\/elections.montreal.ca\\\/fr\\\/\",\"name\":\"\u00c9lections Montr\u00e9al\",\"description\":\"Un site utilisant WordPress\",\"potentialAction\":[{\"@type\":\"SearchAction\",\"target\":{\"@type\":\"EntryPoint\",\"urlTemplate\":\"https:\\\/\\\/elections.montreal.ca\\\/fr\\\/?s={search_term_string}\"},\"query-input\":{\"@type\":\"PropertyValueSpecification\",\"valueRequired\":true,\"valueName\":\"search_term_string\"}}],\"inLanguage\":\"fr-FR\"},{\"@type\":\"Person\",\"@id\":\"https:\\\/\\\/elections.montreal.ca\\\/fr\\\/#\\\/schema\\\/person\\\/1432b28022b88d4dd24b23de5f66a67f\",\"name\":\"Marc Lebel\",\"image\":{\"@type\":\"ImageObject\",\"inLanguage\":\"fr-FR\",\"@id\":\"https:\\\/\\\/secure.gravatar.com\\\/avatar\\\/e4959a30eef87e6fd8110b48706a98cc05341da753236048a3d353ffe61cd3b8?s=96&d=mm&r=g\",\"url\":\"https:\\\/\\\/secure.gravatar.com\\\/avatar\\\/e4959a30eef87e6fd8110b48706a98cc05341da753236048a3d353ffe61cd3b8?s=96&d=mm&r=g\",\"contentUrl\":\"https:\\\/\\\/secure.gravatar.com\\\/avatar\\\/e4959a30eef87e6fd8110b48706a98cc05341da753236048a3d353ffe61cd3b8?s=96&d=mm&r=g\",\"caption\":\"Marc Lebel\"},\"url\":\"https:\\\/\\\/elections.montreal.ca\\\/fr\\\/author\\\/marc-lebel2montreal-ca\\\/\"}]}<\/script>\n<!-- \/ Yoast SEO plugin. -->","yoast_head_json":{"title":"Nouveau d\u00e9pouillement et nouvelles confirmations d\u2019\u00e9lection - \u00c9lections Montr\u00e9al","robots":{"index":"index","follow":"follow","max-snippet":"max-snippet:-1","max-image-preview":"max-image-preview:large","max-video-preview":"max-video-preview:-1"},"canonical":"https:\/\/elections.montreal.ca\/fr\/nouveau-depouillement-et-nouvelles-confirmations-delection\/","og_locale":"fr_FR","og_type":"article","og_title":"Nouveau d\u00e9pouillement et nouvelles confirmations d\u2019\u00e9lection - \u00c9lections Montr\u00e9al","og_description":"Au terme d\u2019un nouveau d\u00e9pouillement des votes, le juge Sylvain Coutl\u00e9e de la Cour du Qu\u00e9bec a certifi\u00e9 les r\u00e9sultats de l\u2019\u00e9lection au poste de mairesse ou maire de l\u2019arrondissement C\u00f4te-des-Neiges-Notre-Dame-de-Grace. Par le fait m\u00eame, Gracia Kasoki Katahwa est confirm\u00e9e en tant que personne \u00e9lue \u00e0 ce poste Personne candidate Nombre de votes obtenus au &hellip; Continued","og_url":"https:\/\/elections.montreal.ca\/fr\/nouveau-depouillement-et-nouvelles-confirmations-delection\/","og_site_name":"\u00c9lections Montr\u00e9al","article_publisher":"https:\/\/www.facebook.com\/electionMTL","article_published_time":"2021-11-25T02:52:56+00:00","article_modified_time":"2021-12-08T17:17:42+00:00","author":"Marc Lebel","twitter_card":"summary_large_image","twitter_creator":"@election_MTL","twitter_site":"@election_MTL","twitter_misc":{"\u00c9crit par":"Marc Lebel","Dur\u00e9e de lecture estim\u00e9e":"2 minutes"},"schema":{"@context":"https:\/\/schema.org","@graph":[{"@type":"Article","@id":"https:\/\/elections.montreal.ca\/fr\/nouveau-depouillement-et-nouvelles-confirmations-delection\/#article","isPartOf":{"@id":"https:\/\/elections.montreal.ca\/fr\/nouveau-depouillement-et-nouvelles-confirmations-delection\/"},"author":{"name":"Marc Lebel","@id":"https:\/\/elections.montreal.ca\/fr\/#\/schema\/person\/1432b28022b88d4dd24b23de5f66a67f"},"headline":"Nouveau d\u00e9pouillement et nouvelles confirmations d\u2019\u00e9lection","datePublished":"2021-11-25T02:52:56+00:00","dateModified":"2021-12-08T17:17:42+00:00","mainEntityOfPage":{"@id":"https:\/\/elections.montreal.ca\/fr\/nouveau-depouillement-et-nouvelles-confirmations-delection\/"},"wordCount":233,"commentCount":0,"articleSection":["\u00c9lections g\u00e9n\u00e9rales"],"inLanguage":"fr-FR","potentialAction":[{"@type":"CommentAction","name":"Comment","target":["https:\/\/elections.montreal.ca\/fr\/nouveau-depouillement-et-nouvelles-confirmations-delection\/#respond"]}]},{"@type":"WebPage","@id":"https:\/\/elections.montreal.ca\/fr\/nouveau-depouillement-et-nouvelles-confirmations-delection\/","url":"https:\/\/elections.montreal.ca\/fr\/nouveau-depouillement-et-nouvelles-confirmations-delection\/","name":"Nouveau d\u00e9pouillement et nouvelles confirmations d\u2019\u00e9lection - \u00c9lections Montr\u00e9al","isPartOf":{"@id":"https:\/\/elections.montreal.ca\/fr\/#website"},"datePublished":"2021-11-25T02:52:56+00:00","dateModified":"2021-12-08T17:17:42+00:00","author":{"@id":"https:\/\/elections.montreal.ca\/fr\/#\/schema\/person\/1432b28022b88d4dd24b23de5f66a67f"},"breadcrumb":{"@id":"https:\/\/elections.montreal.ca\/fr\/nouveau-depouillement-et-nouvelles-confirmations-delection\/#breadcrumb"},"inLanguage":"fr-FR","potentialAction":[{"@type":"ReadAction","target":["https:\/\/elections.montreal.ca\/fr\/nouveau-depouillement-et-nouvelles-confirmations-delection\/"]}]},{"@type":"BreadcrumbList","@id":"https:\/\/elections.montreal.ca\/fr\/nouveau-depouillement-et-nouvelles-confirmations-delection\/#breadcrumb","itemListElement":[{"@type":"ListItem","position":1,"name":"Accueil","item":"https:\/\/elections.montreal.ca\/fr\/"},{"@type":"ListItem","position":2,"name":"Nouveau d\u00e9pouillement et nouvelles confirmations d\u2019\u00e9lection"}]},{"@type":"WebSite","@id":"https:\/\/elections.montreal.ca\/fr\/#website","url":"https:\/\/elections.montreal.ca\/fr\/","name":"\u00c9lections Montr\u00e9al","description":"Un site utilisant WordPress","potentialAction":[{"@type":"SearchAction","target":{"@type":"EntryPoint","urlTemplate":"https:\/\/elections.montreal.ca\/fr\/?s={search_term_string}"},"query-input":{"@type":"PropertyValueSpecification","valueRequired":true,"valueName":"search_term_string"}}],"inLanguage":"fr-FR"},{"@type":"Person","@id":"https:\/\/elections.montreal.ca\/fr\/#\/schema\/person\/1432b28022b88d4dd24b23de5f66a67f","name":"Marc Lebel","image":{"@type":"ImageObject","inLanguage":"fr-FR","@id":"https:\/\/secure.gravatar.com\/avatar\/e4959a30eef87e6fd8110b48706a98cc05341da753236048a3d353ffe61cd3b8?s=96&d=mm&r=g","url":"https:\/\/secure.gravatar.com\/avatar\/e4959a30eef87e6fd8110b48706a98cc05341da753236048a3d353ffe61cd3b8?s=96&d=mm&r=g","contentUrl":"https:\/\/secure.gravatar.com\/avatar\/e4959a30eef87e6fd8110b48706a98cc05341da753236048a3d353ffe61cd3b8?s=96&d=mm&r=g","caption":"Marc Lebel"},"url":"https:\/\/elections.montreal.ca\/fr\/author\/marc-lebel2montreal-ca\/"}]}},"_links":{"self":[{"href":"https:\/\/elections.montreal.ca\/fr\/wp-json\/wp\/v2\/posts\/8623","targetHints":{"allow":["GET"]}}],"collection":[{"href":"https:\/\/elections.montreal.ca\/fr\/wp-json\/wp\/v2\/posts"}],"about":[{"href":"https:\/\/elections.montreal.ca\/fr\/wp-json\/wp\/v2\/types\/post"}],"author":[{"embeddable":true,"href":"https:\/\/elections.montreal.ca\/fr\/wp-json\/wp\/v2\/users\/24"}],"replies":[{"embeddable":true,"href":"https:\/\/elections.montreal.ca\/fr\/wp-json\/wp\/v2\/comments?post=8623"}],"version-history":[{"count":0,"href":"https:\/\/elections.montreal.ca\/fr\/wp-json\/wp\/v2\/posts\/8623\/revisions"}],"wp:attachment":[{"href":"https:\/\/elections.montreal.ca\/fr\/wp-json\/wp\/v2\/media?parent=8623"}],"wp:term":[{"taxonomy":"category","embeddable":true,"href":"https:\/\/elections.montreal.ca\/fr\/wp-json\/wp\/v2\/categories?post=8623"},{"taxonomy":"post_tag","embeddable":true,"href":"https:\/\/elections.montreal.ca\/fr\/wp-json\/wp\/v2\/tags?post=8623"}],"curies":[{"name":"wp","href":"https:\/\/api.w.org\/{rel}","templated":true}]}}