{"id":21360,"date":"2025-11-21T10:01:10","date_gmt":"2025-11-21T15:01:10","guid":{"rendered":"https:\/\/elections.montreal.ca\/?p=21360"},"modified":"2025-11-21T10:09:21","modified_gmt":"2025-11-21T15:09:21","slug":"fin-des-recomptages-et-confirmation-de-lensemble-des-personnes-elues","status":"publish","type":"post","link":"https:\/\/elections.montreal.ca\/fr\/fin-des-recomptages-et-confirmation-de-lensemble-des-personnes-elues\/","title":{"rendered":"Fin des recomptages et\u00a0confirmation de l\u2019ensemble des personnes \u00e9lues\u00a0"},"content":{"rendered":"<p><strong>Montr&eacute;al, le 2<\/strong><strong>1<\/strong><strong> novembre&nbsp;2025<\/strong> &ndash; &Agrave; l&rsquo;issue de recomptages judiciaires, &Eacute;lections Montr&eacute;al confirme les r&eacute;sultats en suspens des &eacute;lections du 2 novembre, apr&egrave;s avoir compl&eacute;t&eacute; le nouveau d&eacute;pouillement de quelque 95 000 <span class=\"glossaryLink\"  aria-describedby=\"tt\"  data-cmtooltip=\"&lt;div class=glossaryItemTitle&gt;Bulletins de vote&lt;\/div&gt;&lt;div class=glossaryItemBody&gt;&amp;lt;!-- wp:paragraph --&amp;gt;Papier sur lequel les personnes votantes expriment leur choix parmi les candidat(e)s&amp;lt;br\/&amp;gt;&amp;lt;!-- \/wp:paragraph --&amp;gt;&amp;lt;!-- wp:paragraph --&amp;gt;&amp;lt;br\/&amp;gt;&amp;lt;!-- \/wp:paragraph --&amp;gt;&lt;\/div&gt;\"  data-gt-translate-attributes='[{\"attribute\":\"data-cmtooltip\", \"format\":\"html\"}]' tabindex='0' role='link'>bulletins de vote<\/span>. &nbsp;<\/p>\n\n\n\n<p>Dix demandes de recomptage ont &eacute;t&eacute; pr&eacute;sent&eacute;es et accept&eacute;es par la Cour du Qu&eacute;bec. Dans les dix courses concern&eacute;es par un&nbsp;recomptage, toutes les personnes candidates qui ont obtenu le plus grand nombre de votes au terme du d&eacute;compte d&rsquo;&Eacute;lections Montr&eacute;al ont &eacute;t&eacute; confirm&eacute;es comme celles remportant l&rsquo;&eacute;lection.&nbsp;<\/p>\n\n\n\n<p>Lors d&rsquo;un recomptage en pr&eacute;sence de procureurs des diff&eacute;rentes parties, l&rsquo;examen des bulletins de vote&nbsp;peut, dans certains cas, se solder par un renversement des r&eacute;sultats. Tant en 2021 (o&ugrave; six nouveaux d&eacute;pouillements ont &eacute;t&eacute; r&eacute;alis&eacute;s) qu&rsquo;en 2025, la situation inverse s&rsquo;est plut&ocirc;t produite &agrave; Montr&eacute;al avec la confirmation de toutes les personnes &eacute;lues. Le d&eacute;pouillement &agrave; la cour permet de dissiper les doutes qui peuvent subsister au sortir d&rsquo;une &eacute;lection.&nbsp;<\/p>\n\n\n\n<p>L&rsquo;op&eacute;ration de&nbsp;recomptage effectu&eacute; ces deux derni&egrave;res semaines a mobilis&eacute; plus de cinquante employ&eacute;s d&rsquo;&Eacute;lections Montr&eacute;al, plusieurs procureurs et repr&eacute;sentants des formation politiques ainsi que cinq juges et leur greffi&egrave;re respective. Le <span class=\"glossaryLink\"  aria-describedby=\"tt\"  data-cmtooltip=\"&lt;div class=glossaryItemTitle&gt;Pr&eacute;sident d&rsquo;&eacute;lection&lt;\/div&gt;&lt;div class=glossaryItemBody&gt;&amp;lt;!-- wp:table --&amp;gt;&amp;lt;figure class=&amp;quot;wp-block-table&amp;quot;&amp;gt;&amp;lt;table&amp;gt;&amp;lt;tbody&amp;gt;&amp;lt;tr&amp;gt;&amp;lt;td&amp;gt;Responsable de l&rsquo;&eacute;lection. Le greffier de la Ville est pr&eacute;sident d&amp;#039;&eacute;lection.&amp;lt;\/td&amp;gt;&amp;lt;\/tr&amp;gt;&amp;lt;\/tbody&amp;gt;&amp;lt;\/table&amp;gt;&amp;lt;\/figure&amp;gt;&amp;lt;!-- \/wp:table --&amp;gt;&lt;\/div&gt;\"  data-gt-translate-attributes='[{\"attribute\":\"data-cmtooltip\", \"format\":\"html\"}]' tabindex='0' role='link'>pr&eacute;sident d&rsquo;&eacute;lection<\/span>, M<sup>e<\/sup> Emmanuel Tani-Moore, remercie la Cour du Qu&eacute;bec et son personnel pour avoir facilit&eacute; la tenue d&rsquo;une op&eacute;ration de grande envergure concluant le cycle &eacute;lectoral 2025. &nbsp;<\/p>\n\n\n\n<p><strong>R&eacute;sultats des &eacute;lections qui ont fait l&rsquo;objet d&rsquo;un recomptage&nbsp;<\/strong><\/p>\n\n\n\n<p><strong>Poste de conseill&egrave;re ou conseille de la Ville du district C&ocirc;te-des-Neiges<\/strong>&nbsp;<\/p>\n\n\n<div class=\"gutenberg-table\">\n<figure class=\"wp-block-table is-style-stripes\"><table class=\"has-fixed-layout\"><tbody><tr><td><strong><\/strong>&nbsp;<\/td><td class=\"has-text-align-center\" data-align=\"center\"><strong>Recensement initial des votes <\/strong>&nbsp;<\/td><td class=\"has-text-align-center\" data-align=\"center\"><strong>Recomptage (Juge Gilles Lareau)<\/strong>&nbsp;<\/td><\/tr><tr><td><strong>Emilie&nbsp;BRI&Egrave;RE<\/strong>&nbsp;<\/td><td class=\"has-text-align-center\" data-align=\"center\">2 127&nbsp;<\/td><td class=\"has-text-align-center\" data-align=\"center\">2 128&nbsp;<\/td><\/tr><tr><td>Yvonne&nbsp;NGUYEN&nbsp;<\/td><td class=\"has-text-align-center\" data-align=\"center\">2 121&nbsp;<\/td><td class=\"has-text-align-center\" data-align=\"center\">2 120&nbsp;<\/td><\/tr><tr><td>Carol-Ann&nbsp;HOYTE&nbsp;<\/td><td class=\"has-text-align-center\" data-align=\"center\">485&nbsp;<\/td><td class=\"has-text-align-center\" data-align=\"center\">485&nbsp;<\/td><\/tr><tr><td>Mara Hermione&nbsp;PIERRE&nbsp;<\/td><td class=\"has-text-align-center\" data-align=\"center\">356&nbsp;<\/td><td class=\"has-text-align-center\" data-align=\"center\">355&nbsp;<\/td><\/tr><tr><td>Kamala&nbsp;JEGATHEESWARAN&nbsp;<\/td><td class=\"has-text-align-center\" data-align=\"center\">162&nbsp;<\/td><td class=\"has-text-align-center\" data-align=\"center\">131&nbsp;<\/td><\/tr><tr><td>Stefani&nbsp;NOVICK&nbsp;<\/td><td class=\"has-text-align-center\" data-align=\"center\">109&nbsp;<\/td><td class=\"has-text-align-center\" data-align=\"center\">106&nbsp;<\/td><\/tr><tr><td>Votes rejet&eacute;s&nbsp;<\/td><td class=\"has-text-align-center\" data-align=\"center\">113&nbsp;<\/td><td class=\"has-text-align-center\" data-align=\"center\">99&nbsp;<\/td><\/tr><\/tbody><\/table><\/figure>\n<\/div>\n\n\n<p><\/p>\n\n\n\n<p><strong>Poste de mairesse ou maire de l&rsquo;<span class=\"glossaryLink\"  aria-describedby=\"tt\"  data-cmtooltip=\"&lt;div class=glossaryItemTitle&gt;Arrondissement&lt;\/div&gt;&lt;div class=glossaryItemBody&gt;&amp;lt;!-- wp:paragraph --&amp;gt;Division administrative de la Ville&amp;lt;br\/&amp;gt;&amp;lt;!-- \/wp:paragraph --&amp;gt;&lt;\/div&gt;\"  data-gt-translate-attributes='[{\"attribute\":\"data-cmtooltip\", \"format\":\"html\"}]' tabindex='0' role='link'>arrondissement<\/span> Lachine<\/strong>&nbsp;<\/p>\n\n\n<div class=\"gutenberg-table\">\n<figure class=\"wp-block-table is-style-stripes\"><table class=\"has-fixed-layout\"><tbody><tr><td><strong><\/strong>&nbsp;<\/td><td class=\"has-text-align-center\" data-align=\"center\"><strong>Recensement initial des votes<\/strong>&nbsp;<\/td><td class=\"has-text-align-center\" data-align=\"center\"><strong>Recomptage&nbsp; (Juge Nathalie Chalifour)<\/strong>&nbsp;<\/td><\/tr><tr><td><strong>Julie-Pascale&nbsp;PROVOST<\/strong>&nbsp;<\/td><td class=\"has-text-align-center\" data-align=\"center\"><strong>5 056<\/strong>&nbsp;<\/td><td class=\"has-text-align-center\" data-align=\"center\"><strong>5 058<\/strong>&nbsp;<\/td><\/tr><tr><td>Maja&nbsp;VODANOVIC&nbsp;<\/td><td class=\"has-text-align-center\" data-align=\"center\">5 030&nbsp;<\/td><td class=\"has-text-align-center\" data-align=\"center\">5 047&nbsp;<\/td><\/tr><tr><td>Gary&nbsp;TREMBLAY&nbsp;<\/td><td class=\"has-text-align-center\" data-align=\"center\">820&nbsp;<\/td><td class=\"has-text-align-center\" data-align=\"center\">817&nbsp;<\/td><\/tr><tr><td>Votes rejet&eacute;s&nbsp;<\/td><td class=\"has-text-align-center\" data-align=\"center\">289&nbsp;<\/td><td class=\"has-text-align-center\" data-align=\"center\">274&nbsp;<\/td><\/tr><\/tbody><\/table><\/figure>\n<\/div>\n\n\n<p><\/p>\n\n\n\n<p><strong>Poste de conseill&egrave;re ou conseiller de la Ville de l&rsquo;arrondissement Lachine<\/strong>&nbsp;<\/p>\n\n\n<div class=\"gutenberg-table\">\n<figure class=\"wp-block-table is-style-stripes\"><table class=\"has-fixed-layout\"><tbody><tr><td><strong><\/strong>&nbsp;<\/td><td class=\"has-text-align-center\" data-align=\"center\"><strong>Recensement initial des votes<\/strong>&nbsp;<\/td><td class=\"has-text-align-center\" data-align=\"center\"><strong>Recomptage&nbsp;(Juge Nathalie Chalifour)<\/strong>&nbsp;<\/td><\/tr><tr><td><strong>Dominic&nbsp;ROUSSEL<\/strong>&nbsp;<\/td><td class=\"has-text-align-center\" data-align=\"center\"><strong>4761<\/strong>&nbsp;<\/td><td class=\"has-text-align-center\" data-align=\"center\"><strong>4 790<\/strong>&nbsp;<\/td><\/tr><tr><td>Myriam&nbsp;GRONDIN&nbsp;<\/td><td class=\"has-text-align-center\" data-align=\"center\">4 753&nbsp;<\/td><td class=\"has-text-align-center\" data-align=\"center\">4 758&nbsp;<\/td><\/tr><tr><td>Christian&nbsp;ROULEAU&nbsp;<\/td><td class=\"has-text-align-center\" data-align=\"center\">1 284&nbsp;<\/td><td class=\"has-text-align-center\" data-align=\"center\">1 253&nbsp;<\/td><\/tr><tr><td>Votes rejet&eacute;s&nbsp;<\/td><td class=\"has-text-align-center\" data-align=\"center\">413&nbsp;<\/td><td class=\"has-text-align-center\" data-align=\"center\">398&nbsp;<\/td><\/tr><\/tbody><\/table><\/figure>\n<\/div>\n\n\n<p><\/p>\n\n\n\n<p><strong>Poste de conseill&egrave;re ou conseille d&rsquo;arrondissement du district Jacques-Bizard<\/strong>&nbsp;<\/p>\n\n\n<div class=\"gutenberg-table\">\n<figure class=\"wp-block-table is-style-stripes\"><table class=\"has-fixed-layout\"><tbody><tr><td><strong><\/strong>&nbsp;<\/td><td class=\"has-text-align-center\" data-align=\"center\"><strong>Recensement initial des votes<\/strong>&nbsp;<\/td><td class=\"has-text-align-center\" data-align=\"center\"><strong>Recomptage (Juge Yves Hamel)<\/strong>&nbsp;<\/td><\/tr><tr><td><strong>Richard B&Eacute;LANGER<\/strong>&nbsp;<\/td><td class=\"has-text-align-center\" data-align=\"center\"><strong>723<\/strong>&nbsp;<\/td><td class=\"has-text-align-center\" data-align=\"center\"><strong>722<\/strong>&nbsp;<\/td><\/tr><tr><td>Guillaume C&Ocirc;T&Eacute;&nbsp;<\/td><td class=\"has-text-align-center\" data-align=\"center\">712&nbsp;<\/td><td class=\"has-text-align-center\" data-align=\"center\">714&nbsp;<\/td><\/tr><tr><td>Sandra JEAN L&Eacute;ONARD&nbsp;<\/td><td class=\"has-text-align-center\" data-align=\"center\">29&nbsp;<\/td><td class=\"has-text-align-center\" data-align=\"center\">29&nbsp;<\/td><\/tr><tr><td>Votes rejet&eacute;s&nbsp;<\/td><td class=\"has-text-align-center\" data-align=\"center\">45&nbsp;<\/td><td class=\"has-text-align-center\" data-align=\"center\">39&nbsp;<\/td><\/tr><\/tbody><\/table><\/figure>\n<\/div>\n\n\n<p><\/p>\n\n\n\n<p><strong>Poste de mairesse ou maire de l&rsquo;<span class=\"glossaryLink\"  aria-describedby=\"tt\"  data-cmtooltip=\"&lt;div class=glossaryItemTitle&gt;Arrondissement&lt;\/div&gt;&lt;div class=glossaryItemBody&gt;&amp;lt;!-- wp:paragraph --&amp;gt;Division administrative de la Ville&amp;lt;br\/&amp;gt;&amp;lt;!-- \/wp:paragraph --&amp;gt;&lt;\/div&gt;\"  data-gt-translate-attributes='[{\"attribute\":\"data-cmtooltip\", \"format\":\"html\"}]' tabindex='0' role='link'>arrondissement<\/span> Saint-L&eacute;onard<\/strong>&nbsp;<\/p>\n\n\n<div class=\"gutenberg-table\">\n<figure class=\"wp-block-table is-style-stripes\"><table class=\"has-fixed-layout\"><tbody><tr><td><strong><\/strong>&nbsp;<\/td><td class=\"has-text-align-center\" data-align=\"center\"><strong>Recensement initial des votes<\/strong>&nbsp;<\/td><td class=\"has-text-align-center\" data-align=\"center\"><strong>Recomptage&nbsp;(Juge &Eacute;ric Couture)<\/strong>&nbsp;<\/td><\/tr><tr><td><strong>Dominic&nbsp;PERRI&nbsp;<\/strong><\/td><td class=\"has-text-align-center\" data-align=\"center\"><strong>6 384&nbsp;<\/strong><\/td><td class=\"has-text-align-center\" data-align=\"center\"><strong>6 392&nbsp;<\/strong><\/td><\/tr><tr><td>Suzanne&nbsp;DE LAROCHELLI&Egrave;RE&nbsp;<\/td><td class=\"has-text-align-center\" data-align=\"center\">5 866&nbsp;<\/td><td class=\"has-text-align-center\" data-align=\"center\">5 858&nbsp;<\/td><\/tr><tr><td>Luckny&nbsp;GUERRIER&nbsp;<\/td><td class=\"has-text-align-center\" data-align=\"center\">1 371&nbsp;<\/td><td class=\"has-text-align-center\" data-align=\"center\">1 374&nbsp;<\/td><\/tr><tr><td>Pasqualino&nbsp;BORSELLINO&nbsp;<\/td><td class=\"has-text-align-center\" data-align=\"center\">374&nbsp;<\/td><td class=\"has-text-align-center\" data-align=\"center\">361&nbsp;<\/td><\/tr><tr><td>Philippe&nbsp;TESSIER&nbsp;<\/td><td class=\"has-text-align-center\" data-align=\"center\">293&nbsp;<\/td><td class=\"has-text-align-center\" data-align=\"center\">302&nbsp;<\/td><\/tr><tr><td>Votes rejet&eacute;s&nbsp;<\/td><td class=\"has-text-align-center\" data-align=\"center\">812&nbsp;<\/td><td class=\"has-text-align-center\" data-align=\"center\">794&nbsp;<\/td><\/tr><\/tbody><\/table><\/figure>\n<\/div>\n\n\n<p><\/p>\n\n\n\n<p><strong>Poste de conseill&egrave;re ou conseiller de ville du district Saint-L&eacute;onard-Ouest<\/strong>&nbsp;<\/p>\n\n\n<div class=\"gutenberg-table\">\n<figure class=\"wp-block-table is-style-stripes\"><table class=\"has-fixed-layout\"><tbody><tr><td><strong><\/strong>&nbsp;<\/td><td class=\"has-text-align-center\" data-align=\"center\"><strong>Recensement initial des votes<\/strong>&nbsp;<\/td><td class=\"has-text-align-center\" data-align=\"center\"><strong>Recomptage (Juge &Eacute;ric Couture)<\/strong>&nbsp;<\/td><\/tr><tr><td><strong>Mauro&nbsp;BARONE&nbsp;<\/strong><\/td><td class=\"has-text-align-center\" data-align=\"center\"><strong>3 358&nbsp;<\/strong><\/td><td class=\"has-text-align-center\" data-align=\"center\"><strong>3 365&nbsp;<\/strong><\/td><\/tr><tr><td>Gabriel&nbsp;RETTA&nbsp;<\/td><td class=\"has-text-align-center\" data-align=\"center\">3 058&nbsp;<\/td><td class=\"has-text-align-center\" data-align=\"center\">3 057&nbsp;<\/td><\/tr><tr><td>Rose&nbsp;CAMILLE&nbsp;<\/td><td class=\"has-text-align-center\" data-align=\"center\">827&nbsp;<\/td><td class=\"has-text-align-center\" data-align=\"center\">826&nbsp;<\/td><\/tr><tr><td>Amy&nbsp;MCALOON&nbsp;<\/td><td class=\"has-text-align-center\" data-align=\"center\">280&nbsp;<\/td><td class=\"has-text-align-center\" data-align=\"center\">270&nbsp;<\/td><\/tr><tr><td>Votes rejet&eacute;s&nbsp;<\/td><td class=\"has-text-align-center\" data-align=\"center\">536&nbsp;<\/td><td class=\"has-text-align-center\" data-align=\"center\">493&nbsp;<\/td><\/tr><\/tbody><\/table><\/figure>\n<\/div>\n\n\n<p><\/p>\n\n\n\n<p><strong>Poste de conseill&egrave;re ou conseiller d&rsquo;arrondissement du district Saint-L&eacute;onard-Ouest<\/strong>&nbsp;<\/p>\n\n\n<div class=\"gutenberg-table\">\n<figure class=\"wp-block-table is-style-stripes\"><table class=\"has-fixed-layout\"><tbody><tr><td><strong><\/strong>&nbsp;<\/td><td class=\"has-text-align-center\" data-align=\"center\"><strong>Recensement initial des votes<\/strong>&nbsp;<\/td><td class=\"has-text-align-center\" data-align=\"center\"><strong>Recomptage (Juge &Eacute;ric Couture)<\/strong>&nbsp;<\/td><\/tr><tr><td><strong>Gemma&nbsp;MARCHIONE&nbsp;<\/strong><\/td><td class=\"has-text-align-center\" data-align=\"center\"><strong>3 421&nbsp;<\/strong><\/td><td class=\"has-text-align-center\" data-align=\"center\"><strong>3 425&nbsp;<\/strong><\/td><\/tr><tr><td>Francesco&nbsp;LAVALLE&nbsp;<\/td><td class=\"has-text-align-center\" data-align=\"center\">3 172&nbsp;<\/td><td class=\"has-text-align-center\" data-align=\"center\">3 161&nbsp;<\/td><\/tr><tr><td>Edline&nbsp;HENRI&nbsp;<\/td><td class=\"has-text-align-center\" data-align=\"center\">875&nbsp;<\/td><td class=\"has-text-align-center\" data-align=\"center\">870&nbsp;<\/td><\/tr><tr><td>Votes rejet&eacute;s&nbsp;<\/td><td class=\"has-text-align-center\" data-align=\"center\">573&nbsp;<\/td><td class=\"has-text-align-center\" data-align=\"center\">548&nbsp;<\/td><\/tr><\/tbody><\/table><\/figure>\n<\/div>\n\n\n<p><\/p>\n\n\n\n<p><strong>Poste de conseill&egrave;re ou conseille de la Ville district Saint-Jacques<\/strong>&nbsp;<\/p>\n\n\n<div class=\"gutenberg-table\">\n<figure class=\"wp-block-table is-style-stripes\"><table class=\"has-fixed-layout\"><tbody><tr><td><strong><\/strong>&nbsp;<\/td><td class=\"has-text-align-center\" data-align=\"center\"><strong>Recensement initial des votes<\/strong>&nbsp;<\/td><td class=\"has-text-align-center\" data-align=\"center\"><strong>Recomptage (Juge Scott Hugues)<\/strong>&nbsp;<\/td><\/tr><tr><td><strong>Claude PINARD<\/strong>&nbsp;<\/td><td class=\"has-text-align-center\" data-align=\"center\"><strong>2 488<\/strong>&nbsp;<\/td><td class=\"has-text-align-center\" data-align=\"center\"><strong>2 495<\/strong>&nbsp;<\/td><\/tr><tr><td>Robert BEAUDRY&nbsp;<\/td><td class=\"has-text-align-center\" data-align=\"center\">2 475&nbsp;<\/td><td class=\"has-text-align-center\" data-align=\"center\">2 472&nbsp;<\/td><\/tr><tr><td>Sergio DA SILVA&nbsp;<\/td><td class=\"has-text-align-center\" data-align=\"center\">591&nbsp;<\/td><td class=\"has-text-align-center\" data-align=\"center\">596&nbsp;<\/td><\/tr><tr><td>Pierre GUIDO&nbsp;<\/td><td class=\"has-text-align-center\" data-align=\"center\">457&nbsp;<\/td><td class=\"has-text-align-center\" data-align=\"center\">457&nbsp;<\/td><\/tr><tr><td>Jean-Pierre KHOUZAM&nbsp;<\/td><td class=\"has-text-align-center\" data-align=\"center\">89&nbsp;<\/td><td class=\"has-text-align-center\" data-align=\"center\">89&nbsp;<\/td><\/tr><tr><td>Votes rejet&eacute;s&nbsp;<\/td><td class=\"has-text-align-center\" data-align=\"center\">112&nbsp;<\/td><td class=\"has-text-align-center\" data-align=\"center\">102&nbsp;<\/td><\/tr><\/tbody><\/table><\/figure>\n<\/div>\n\n\n<p><\/p>\n\n\n\n<p><strong>Poste de conseill&egrave;re ou conseille de la Ville district Parc-Extension<\/strong>&nbsp;<\/p>\n\n\n<div class=\"gutenberg-table\">\n<figure class=\"wp-block-table is-style-stripes\"><table class=\"has-fixed-layout\"><tbody><tr><td><strong><\/strong>&nbsp;<\/td><td class=\"has-text-align-center\" data-align=\"center\"><strong>Recensement initial des votes<\/strong>&nbsp;<\/td><td class=\"has-text-align-center\" data-align=\"center\"><strong>Recomptage (Juge Yves Hamel)<\/strong>&nbsp;<\/td><\/tr><tr><td><strong>Elvira&nbsp;CARHUALLANQUI<\/strong>&nbsp;<\/td><td class=\"has-text-align-center\" data-align=\"center\"><strong>2 455<\/strong>&nbsp;<\/td><td class=\"has-text-align-center\" data-align=\"center\"><strong>2 482<\/strong>&nbsp;<\/td><\/tr><tr><td>Mary&nbsp;DEROS&nbsp;<\/td><td class=\"has-text-align-center\" data-align=\"center\">2 449&nbsp;<\/td><td class=\"has-text-align-center\" data-align=\"center\">2 438&nbsp;<\/td><\/tr><tr><td>Abdul Raziq&nbsp;KHAN&nbsp;<\/td><td class=\"has-text-align-center\" data-align=\"center\">738&nbsp;<\/td><td class=\"has-text-align-center\" data-align=\"center\">714&nbsp;<\/td><\/tr><tr><td>Sandrina&nbsp;COSTA&nbsp;<\/td><td class=\"has-text-align-center\" data-align=\"center\">554&nbsp;<\/td><td class=\"has-text-align-center\" data-align=\"center\">524&nbsp;<\/td><\/tr><tr><td>Mohammad&nbsp;YOUSUF&nbsp;<\/td><td class=\"has-text-align-center\" data-align=\"center\">400&nbsp;<\/td><td class=\"has-text-align-center\" data-align=\"center\">388&nbsp;<\/td><\/tr><tr><td>Mostafa&nbsp;BEN KIRANE&nbsp;<\/td><td class=\"has-text-align-center\" data-align=\"center\">28&nbsp;<\/td><td class=\"has-text-align-center\" data-align=\"center\">38&nbsp;<\/td><\/tr><tr><td>Votes rejet&eacute;s&nbsp;<\/td><td class=\"has-text-align-center\" data-align=\"center\">211&nbsp;<\/td><td class=\"has-text-align-center\" data-align=\"center\">185&nbsp;<\/td><\/tr><\/tbody><\/table><\/figure>\n<\/div>\n\n\n<p><\/p>\n\n\n\n<p><strong>Poste de mairesse ou maire de Verdun<\/strong>&nbsp;<\/p>\n\n\n<div class=\"gutenberg-table\">\n<figure class=\"wp-block-table is-style-stripes\"><table class=\"has-fixed-layout\"><tbody><tr><td><strong><\/strong>&nbsp;<\/td><td class=\"has-text-align-center\" data-align=\"center\"><strong>Recensement initial des votes<\/strong>&nbsp;<\/td><td class=\"has-text-align-center\" data-align=\"center\"><strong>Recomptage (Juge &Eacute;ric Couture)<\/strong>&nbsp;<\/td><\/tr><tr><td><strong>C&eacute;line-Audrey&nbsp;BEAUREGARD<\/strong>&nbsp;<\/td><td class=\"has-text-align-center\" data-align=\"center\"><strong>8 744<\/strong>&nbsp;<\/td><td class=\"has-text-align-center\" data-align=\"center\"><strong>8 746<\/strong>&nbsp;<\/td><\/tr><tr><td>Genevi&egrave;ve&nbsp;DESAUTELS&nbsp;<\/td><td class=\"has-text-align-center\" data-align=\"center\">8 699&nbsp;<\/td><td class=\"has-text-align-center\" data-align=\"center\">8 698&nbsp;<\/td><\/tr><tr><td>Christopher&nbsp;STEEL&nbsp;<\/td><td class=\"has-text-align-center\" data-align=\"center\">2 709&nbsp;<\/td><td class=\"has-text-align-center\" data-align=\"center\">2 665&nbsp;<\/td><\/tr><tr><td>Votes rejet&eacute;s&nbsp;<\/td><td class=\"has-text-align-center\" data-align=\"center\">778&nbsp;<\/td><td class=\"has-text-align-center\" data-align=\"center\">765&nbsp;<\/td><\/tr><\/tbody><\/table><\/figure>\n<\/div>\n\n\n<p><\/p>\n\n\n\n<p>Les diff&eacute;rentes sources officielles pr&eacute;sentant les r&eacute;sultats seront mises &agrave; jour prochainement.&nbsp;<\/p>\n\n\n\n<p class=\"has-text-align-center has-very-light-gray-to-cyan-bluish-gray-gradient-background has-background\">Source et information :<br><strong>Relations m&eacute;dias :<\/strong>&nbsp;&nbsp;<a href=\"https:\/\/elections.montreal.ca\/fr\/\">&Eacute;lections Montr&eacute;al<\/a><br><a href=\"mailto:relationsmedias@montreal.ca\">elections.medias@montreal.ca<\/a><\/p>\n\n\n\n<p><\/p>\n\n\n\n<p><\/p>\n","protected":false},"excerpt":{"rendered":"<p>Montr\u00e9al, le 21 novembre&nbsp;2025 \u2013 \u00c0 l\u2019issue de recomptages judiciaires, \u00c9lections Montr\u00e9al confirme les r\u00e9sultats en suspens des \u00e9lections du 2 novembre, apr\u00e8s avoir compl\u00e9t\u00e9 le nouveau d\u00e9pouillement de quelque 95 000 bulletins de vote. &nbsp; Dix demandes de recomptage ont \u00e9t\u00e9 pr\u00e9sent\u00e9es et accept\u00e9es par la Cour du Qu\u00e9bec. Dans les dix courses concern\u00e9es &hellip; <a href=\"https:\/\/elections.montreal.ca\/fr\/fin-des-recomptages-et-confirmation-de-lensemble-des-personnes-elues\/\">Continued<\/a><\/p>\n","protected":false},"author":25,"featured_media":0,"comment_status":"open","ping_status":"open","sticky":false,"template":"","format":"standard","meta":{"_acf_changed":false,"_relevanssi_hide_post":"","_relevanssi_hide_content":"","_relevanssi_pin_for_all":"","_relevanssi_pin_keywords":"","_relevanssi_unpin_keywords":"","_relevanssi_related_keywords":"","_relevanssi_related_include_ids":"","_relevanssi_related_exclude_ids":"","_relevanssi_related_no_append":"","_relevanssi_related_not_related":"","_relevanssi_related_posts":"13868,8485,20398,12235,8914,12228","_relevanssi_noindex_reason":"","inline_featured_image":false,"footnotes":""},"categories":[89],"tags":[],"class_list":["post-21360","post","type-post","status-publish","format-standard","hentry","category-elections-generales"],"acf":[],"yoast_head":"<!-- This site is optimized with the Yoast SEO plugin v27.4 - https:\/\/yoast.com\/product\/yoast-seo-wordpress\/ -->\n<title>Fin des recomptages et\u00a0confirmation de l\u2019ensemble des personnes \u00e9lues\u00a0 - \u00c9lections Montr\u00e9al<\/title>\n<meta name=\"robots\" content=\"index, follow, max-snippet:-1, max-image-preview:large, max-video-preview:-1\" \/>\n<link rel=\"canonical\" href=\"https:\/\/elections.montreal.ca\/fr\/fin-des-recomptages-et-confirmation-de-lensemble-des-personnes-elues\/\" \/>\n<meta property=\"og:locale\" content=\"fr_FR\" \/>\n<meta property=\"og:type\" content=\"article\" \/>\n<meta property=\"og:title\" content=\"Fin des recomptages et\u00a0confirmation de l\u2019ensemble des personnes \u00e9lues\u00a0 - \u00c9lections Montr\u00e9al\" \/>\n<meta property=\"og:description\" content=\"Montr\u00e9al, le 21 novembre&nbsp;2025 \u2013 \u00c0 l\u2019issue de recomptages judiciaires, \u00c9lections Montr\u00e9al confirme les r\u00e9sultats en suspens des \u00e9lections du 2 novembre, apr\u00e8s avoir compl\u00e9t\u00e9 le nouveau d\u00e9pouillement de quelque 95 000 bulletins de vote. &nbsp; Dix demandes de recomptage ont \u00e9t\u00e9 pr\u00e9sent\u00e9es et accept\u00e9es par la Cour du Qu\u00e9bec. Dans les dix courses concern\u00e9es &hellip; Continued\" \/>\n<meta property=\"og:url\" content=\"https:\/\/elections.montreal.ca\/fr\/fin-des-recomptages-et-confirmation-de-lensemble-des-personnes-elues\/\" \/>\n<meta property=\"og:site_name\" content=\"\u00c9lections Montr\u00e9al\" \/>\n<meta property=\"article:publisher\" content=\"https:\/\/www.facebook.com\/electionMTL\" \/>\n<meta property=\"article:published_time\" content=\"2025-11-21T15:01:10+00:00\" \/>\n<meta property=\"article:modified_time\" content=\"2025-11-21T15:09:21+00:00\" \/>\n<meta name=\"author\" content=\"Muriel Kodjo\" \/>\n<meta name=\"twitter:card\" content=\"summary_large_image\" \/>\n<meta name=\"twitter:creator\" content=\"@election_MTL\" \/>\n<meta name=\"twitter:site\" content=\"@election_MTL\" \/>\n<meta name=\"twitter:label1\" content=\"\u00c9crit par\" \/>\n\t<meta name=\"twitter:data1\" content=\"Muriel Kodjo\" \/>\n\t<meta name=\"twitter:label2\" content=\"Dur\u00e9e de lecture estim\u00e9e\" \/>\n\t<meta name=\"twitter:data2\" content=\"4 minutes\" \/>\n<script type=\"application\/ld+json\" class=\"yoast-schema-graph\">{\"@context\":\"https:\\\/\\\/schema.org\",\"@graph\":[{\"@type\":\"Article\",\"@id\":\"https:\\\/\\\/elections.montreal.ca\\\/fr\\\/fin-des-recomptages-et-confirmation-de-lensemble-des-personnes-elues\\\/#article\",\"isPartOf\":{\"@id\":\"https:\\\/\\\/elections.montreal.ca\\\/fr\\\/fin-des-recomptages-et-confirmation-de-lensemble-des-personnes-elues\\\/\"},\"author\":{\"name\":\"Muriel Kodjo\",\"@id\":\"https:\\\/\\\/elections.montreal.ca\\\/fr\\\/#\\\/schema\\\/person\\\/32b280bee344d5bbae3b15391a1c6797\"},\"headline\":\"Fin des recomptages et\u00a0confirmation de l\u2019ensemble des personnes \u00e9lues\u00a0\",\"datePublished\":\"2025-11-21T15:01:10+00:00\",\"dateModified\":\"2025-11-21T15:09:21+00:00\",\"mainEntityOfPage\":{\"@id\":\"https:\\\/\\\/elections.montreal.ca\\\/fr\\\/fin-des-recomptages-et-confirmation-de-lensemble-des-personnes-elues\\\/\"},\"wordCount\":833,\"commentCount\":0,\"articleSection\":[\"\u00c9lections g\u00e9n\u00e9rales\"],\"inLanguage\":\"fr-FR\",\"potentialAction\":[{\"@type\":\"CommentAction\",\"name\":\"Comment\",\"target\":[\"https:\\\/\\\/elections.montreal.ca\\\/fr\\\/fin-des-recomptages-et-confirmation-de-lensemble-des-personnes-elues\\\/#respond\"]}]},{\"@type\":\"WebPage\",\"@id\":\"https:\\\/\\\/elections.montreal.ca\\\/fr\\\/fin-des-recomptages-et-confirmation-de-lensemble-des-personnes-elues\\\/\",\"url\":\"https:\\\/\\\/elections.montreal.ca\\\/fr\\\/fin-des-recomptages-et-confirmation-de-lensemble-des-personnes-elues\\\/\",\"name\":\"Fin des recomptages et\u00a0confirmation de l\u2019ensemble des personnes \u00e9lues\u00a0 - \u00c9lections Montr\u00e9al\",\"isPartOf\":{\"@id\":\"https:\\\/\\\/elections.montreal.ca\\\/fr\\\/#website\"},\"datePublished\":\"2025-11-21T15:01:10+00:00\",\"dateModified\":\"2025-11-21T15:09:21+00:00\",\"author\":{\"@id\":\"https:\\\/\\\/elections.montreal.ca\\\/fr\\\/#\\\/schema\\\/person\\\/32b280bee344d5bbae3b15391a1c6797\"},\"breadcrumb\":{\"@id\":\"https:\\\/\\\/elections.montreal.ca\\\/fr\\\/fin-des-recomptages-et-confirmation-de-lensemble-des-personnes-elues\\\/#breadcrumb\"},\"inLanguage\":\"fr-FR\",\"potentialAction\":[{\"@type\":\"ReadAction\",\"target\":[\"https:\\\/\\\/elections.montreal.ca\\\/fr\\\/fin-des-recomptages-et-confirmation-de-lensemble-des-personnes-elues\\\/\"]}]},{\"@type\":\"BreadcrumbList\",\"@id\":\"https:\\\/\\\/elections.montreal.ca\\\/fr\\\/fin-des-recomptages-et-confirmation-de-lensemble-des-personnes-elues\\\/#breadcrumb\",\"itemListElement\":[{\"@type\":\"ListItem\",\"position\":1,\"name\":\"Accueil\",\"item\":\"https:\\\/\\\/elections.montreal.ca\\\/fr\\\/\"},{\"@type\":\"ListItem\",\"position\":2,\"name\":\"Fin des recomptages et\u00a0confirmation de l\u2019ensemble des personnes \u00e9lues\u00a0\"}]},{\"@type\":\"WebSite\",\"@id\":\"https:\\\/\\\/elections.montreal.ca\\\/fr\\\/#website\",\"url\":\"https:\\\/\\\/elections.montreal.ca\\\/fr\\\/\",\"name\":\"\u00c9lections Montr\u00e9al\",\"description\":\"Un site utilisant WordPress\",\"potentialAction\":[{\"@type\":\"SearchAction\",\"target\":{\"@type\":\"EntryPoint\",\"urlTemplate\":\"https:\\\/\\\/elections.montreal.ca\\\/fr\\\/?s={search_term_string}\"},\"query-input\":{\"@type\":\"PropertyValueSpecification\",\"valueRequired\":true,\"valueName\":\"search_term_string\"}}],\"inLanguage\":\"fr-FR\"},{\"@type\":\"Person\",\"@id\":\"https:\\\/\\\/elections.montreal.ca\\\/fr\\\/#\\\/schema\\\/person\\\/32b280bee344d5bbae3b15391a1c6797\",\"name\":\"Muriel Kodjo\",\"image\":{\"@type\":\"ImageObject\",\"inLanguage\":\"fr-FR\",\"@id\":\"https:\\\/\\\/secure.gravatar.com\\\/avatar\\\/db980330b61c50d056a0e275a513cc8594a1c49dfcef1aa60d8e1b5f3c818b35?s=96&d=mm&r=g\",\"url\":\"https:\\\/\\\/secure.gravatar.com\\\/avatar\\\/db980330b61c50d056a0e275a513cc8594a1c49dfcef1aa60d8e1b5f3c818b35?s=96&d=mm&r=g\",\"contentUrl\":\"https:\\\/\\\/secure.gravatar.com\\\/avatar\\\/db980330b61c50d056a0e275a513cc8594a1c49dfcef1aa60d8e1b5f3c818b35?s=96&d=mm&r=g\",\"caption\":\"Muriel Kodjo\"},\"sameAs\":[\"https:\\\/\\\/elections.montreal.ca\\\/\"],\"url\":\"https:\\\/\\\/elections.montreal.ca\\\/fr\\\/author\\\/muriel-kodjomontreal-ca\\\/\"}]}<\/script>\n<!-- \/ Yoast SEO plugin. -->","yoast_head_json":{"title":"Fin des recomptages et\u00a0confirmation de l\u2019ensemble des personnes \u00e9lues\u00a0 - \u00c9lections Montr\u00e9al","robots":{"index":"index","follow":"follow","max-snippet":"max-snippet:-1","max-image-preview":"max-image-preview:large","max-video-preview":"max-video-preview:-1"},"canonical":"https:\/\/elections.montreal.ca\/fr\/fin-des-recomptages-et-confirmation-de-lensemble-des-personnes-elues\/","og_locale":"fr_FR","og_type":"article","og_title":"Fin des recomptages et\u00a0confirmation de l\u2019ensemble des personnes \u00e9lues\u00a0 - \u00c9lections Montr\u00e9al","og_description":"Montr\u00e9al, le 21 novembre&nbsp;2025 \u2013 \u00c0 l\u2019issue de recomptages judiciaires, \u00c9lections Montr\u00e9al confirme les r\u00e9sultats en suspens des \u00e9lections du 2 novembre, apr\u00e8s avoir compl\u00e9t\u00e9 le nouveau d\u00e9pouillement de quelque 95 000 bulletins de vote. &nbsp; Dix demandes de recomptage ont \u00e9t\u00e9 pr\u00e9sent\u00e9es et accept\u00e9es par la Cour du Qu\u00e9bec. Dans les dix courses concern\u00e9es &hellip; Continued","og_url":"https:\/\/elections.montreal.ca\/fr\/fin-des-recomptages-et-confirmation-de-lensemble-des-personnes-elues\/","og_site_name":"\u00c9lections Montr\u00e9al","article_publisher":"https:\/\/www.facebook.com\/electionMTL","article_published_time":"2025-11-21T15:01:10+00:00","article_modified_time":"2025-11-21T15:09:21+00:00","author":"Muriel Kodjo","twitter_card":"summary_large_image","twitter_creator":"@election_MTL","twitter_site":"@election_MTL","twitter_misc":{"\u00c9crit par":"Muriel Kodjo","Dur\u00e9e de lecture estim\u00e9e":"4 minutes"},"schema":{"@context":"https:\/\/schema.org","@graph":[{"@type":"Article","@id":"https:\/\/elections.montreal.ca\/fr\/fin-des-recomptages-et-confirmation-de-lensemble-des-personnes-elues\/#article","isPartOf":{"@id":"https:\/\/elections.montreal.ca\/fr\/fin-des-recomptages-et-confirmation-de-lensemble-des-personnes-elues\/"},"author":{"name":"Muriel Kodjo","@id":"https:\/\/elections.montreal.ca\/fr\/#\/schema\/person\/32b280bee344d5bbae3b15391a1c6797"},"headline":"Fin des recomptages et\u00a0confirmation de l\u2019ensemble des personnes \u00e9lues\u00a0","datePublished":"2025-11-21T15:01:10+00:00","dateModified":"2025-11-21T15:09:21+00:00","mainEntityOfPage":{"@id":"https:\/\/elections.montreal.ca\/fr\/fin-des-recomptages-et-confirmation-de-lensemble-des-personnes-elues\/"},"wordCount":833,"commentCount":0,"articleSection":["\u00c9lections g\u00e9n\u00e9rales"],"inLanguage":"fr-FR","potentialAction":[{"@type":"CommentAction","name":"Comment","target":["https:\/\/elections.montreal.ca\/fr\/fin-des-recomptages-et-confirmation-de-lensemble-des-personnes-elues\/#respond"]}]},{"@type":"WebPage","@id":"https:\/\/elections.montreal.ca\/fr\/fin-des-recomptages-et-confirmation-de-lensemble-des-personnes-elues\/","url":"https:\/\/elections.montreal.ca\/fr\/fin-des-recomptages-et-confirmation-de-lensemble-des-personnes-elues\/","name":"Fin des recomptages et\u00a0confirmation de l\u2019ensemble des personnes \u00e9lues\u00a0 - \u00c9lections Montr\u00e9al","isPartOf":{"@id":"https:\/\/elections.montreal.ca\/fr\/#website"},"datePublished":"2025-11-21T15:01:10+00:00","dateModified":"2025-11-21T15:09:21+00:00","author":{"@id":"https:\/\/elections.montreal.ca\/fr\/#\/schema\/person\/32b280bee344d5bbae3b15391a1c6797"},"breadcrumb":{"@id":"https:\/\/elections.montreal.ca\/fr\/fin-des-recomptages-et-confirmation-de-lensemble-des-personnes-elues\/#breadcrumb"},"inLanguage":"fr-FR","potentialAction":[{"@type":"ReadAction","target":["https:\/\/elections.montreal.ca\/fr\/fin-des-recomptages-et-confirmation-de-lensemble-des-personnes-elues\/"]}]},{"@type":"BreadcrumbList","@id":"https:\/\/elections.montreal.ca\/fr\/fin-des-recomptages-et-confirmation-de-lensemble-des-personnes-elues\/#breadcrumb","itemListElement":[{"@type":"ListItem","position":1,"name":"Accueil","item":"https:\/\/elections.montreal.ca\/fr\/"},{"@type":"ListItem","position":2,"name":"Fin des recomptages et\u00a0confirmation de l\u2019ensemble des personnes \u00e9lues\u00a0"}]},{"@type":"WebSite","@id":"https:\/\/elections.montreal.ca\/fr\/#website","url":"https:\/\/elections.montreal.ca\/fr\/","name":"\u00c9lections Montr\u00e9al","description":"Un site utilisant WordPress","potentialAction":[{"@type":"SearchAction","target":{"@type":"EntryPoint","urlTemplate":"https:\/\/elections.montreal.ca\/fr\/?s={search_term_string}"},"query-input":{"@type":"PropertyValueSpecification","valueRequired":true,"valueName":"search_term_string"}}],"inLanguage":"fr-FR"},{"@type":"Person","@id":"https:\/\/elections.montreal.ca\/fr\/#\/schema\/person\/32b280bee344d5bbae3b15391a1c6797","name":"Muriel Kodjo","image":{"@type":"ImageObject","inLanguage":"fr-FR","@id":"https:\/\/secure.gravatar.com\/avatar\/db980330b61c50d056a0e275a513cc8594a1c49dfcef1aa60d8e1b5f3c818b35?s=96&d=mm&r=g","url":"https:\/\/secure.gravatar.com\/avatar\/db980330b61c50d056a0e275a513cc8594a1c49dfcef1aa60d8e1b5f3c818b35?s=96&d=mm&r=g","contentUrl":"https:\/\/secure.gravatar.com\/avatar\/db980330b61c50d056a0e275a513cc8594a1c49dfcef1aa60d8e1b5f3c818b35?s=96&d=mm&r=g","caption":"Muriel Kodjo"},"sameAs":["https:\/\/elections.montreal.ca\/"],"url":"https:\/\/elections.montreal.ca\/fr\/author\/muriel-kodjomontreal-ca\/"}]}},"_links":{"self":[{"href":"https:\/\/elections.montreal.ca\/fr\/wp-json\/wp\/v2\/posts\/21360","targetHints":{"allow":["GET"]}}],"collection":[{"href":"https:\/\/elections.montreal.ca\/fr\/wp-json\/wp\/v2\/posts"}],"about":[{"href":"https:\/\/elections.montreal.ca\/fr\/wp-json\/wp\/v2\/types\/post"}],"author":[{"embeddable":true,"href":"https:\/\/elections.montreal.ca\/fr\/wp-json\/wp\/v2\/users\/25"}],"replies":[{"embeddable":true,"href":"https:\/\/elections.montreal.ca\/fr\/wp-json\/wp\/v2\/comments?post=21360"}],"version-history":[{"count":9,"href":"https:\/\/elections.montreal.ca\/fr\/wp-json\/wp\/v2\/posts\/21360\/revisions"}],"predecessor-version":[{"id":21486,"href":"https:\/\/elections.montreal.ca\/fr\/wp-json\/wp\/v2\/posts\/21360\/revisions\/21486"}],"wp:attachment":[{"href":"https:\/\/elections.montreal.ca\/fr\/wp-json\/wp\/v2\/media?parent=21360"}],"wp:term":[{"taxonomy":"category","embeddable":true,"href":"https:\/\/elections.montreal.ca\/fr\/wp-json\/wp\/v2\/categories?post=21360"},{"taxonomy":"post_tag","embeddable":true,"href":"https:\/\/elections.montreal.ca\/fr\/wp-json\/wp\/v2\/tags?post=21360"}],"curies":[{"name":"wp","href":"https:\/\/api.w.org\/{rel}","templated":true}]}}