{"id":20957,"date":"2025-10-31T09:11:42","date_gmt":"2025-10-31T14:11:42","guid":{"rendered":"https:\/\/elections.montreal.ca\/?p=20957"},"modified":"2025-10-31T09:11:44","modified_gmt":"2025-10-31T14:11:44","slug":"la-journee-officielle-du-scrutin-est-ce-dimanche","status":"publish","type":"post","link":"https:\/\/elections.montreal.ca\/fr\/la-journee-officielle-du-scrutin-est-ce-dimanche\/","title":{"rendered":"La journ\u00e9e officielle du scrutin est ce dimanche\u00a0"},"content":{"rendered":"<p><strong>Montr&eacute;al, le 31 octobre 2025<\/strong> &ndash; Le jour officiel du <span class=\"glossaryLink\"  aria-describedby=\"tt\"  data-cmtooltip=\"&lt;div class=glossaryItemTitle&gt;Scrutin&lt;\/div&gt;&lt;div class=glossaryItemBody&gt;&amp;lt;!-- wp:paragraph --&amp;gt;Jour de l&amp;#039;&eacute;lection o&ugrave; les &eacute;lectrices et les &eacute;lecteurs sont appel&eacute;s &agrave; voter.&amp;lt;br\/&amp;gt;&amp;lt;!-- \/wp:paragraph --&amp;gt;&lt;\/div&gt;\"  data-gt-translate-attributes='[{\"attribute\":\"data-cmtooltip\", \"format\":\"html\"}]' tabindex='0' role='link'>scrutin<\/span> aura lieu ce dimanche 2 novembre entre 10 h et 20 h dans la Ville de Montr&eacute;al. Ce moment fort de la d&eacute;mocratie permettra aux Montr&eacute;alaises et Montr&eacute;alais de choisir les 103 personnes qui les repr&eacute;senteront &agrave; la mairie de la Ville, au <span class=\"glossaryLink\"  aria-describedby=\"tt\"  data-cmtooltip=\"&lt;div class=glossaryItemTitle&gt;Conseil municipal&lt;\/div&gt;&lt;div class=glossaryItemBody&gt;&amp;lt;!-- wp:paragraph --&amp;gt;Principale instance d&eacute;cisionnelle de la Ville de Montr&eacute;al compos&eacute;e de 65 personnes &eacute;lues.&amp;lt;br\/&amp;gt;&amp;lt;!-- \/wp:paragraph --&amp;gt;&lt;\/div&gt;\"  data-gt-translate-attributes='[{\"attribute\":\"data-cmtooltip\", \"format\":\"html\"}]' tabindex='0' role='link'>conseil municipal<\/span> et dans les 19 conseils d&rsquo;<span class=\"glossaryLink\"  aria-describedby=\"tt\"  data-cmtooltip=\"&lt;div class=glossaryItemTitle&gt;Arrondissement&lt;\/div&gt;&lt;div class=glossaryItemBody&gt;&amp;lt;!-- wp:paragraph --&amp;gt;Division administrative de la Ville&amp;lt;br\/&amp;gt;&amp;lt;!-- \/wp:paragraph --&amp;gt;&lt;\/div&gt;\"  data-gt-translate-attributes='[{\"attribute\":\"data-cmtooltip\", \"format\":\"html\"}]' tabindex='0' role='link'>arrondissement<\/span>. Durant la p&eacute;riode du vote anticip&eacute; (du 24 au 29 octobre), quelque 134 000 personnes ont exerc&eacute; leur droit de vote, soit 11,8 % de l&rsquo;&eacute;lectorat. Parmi les 1 135 883 personnes admissibles &agrave; voter, 48 821 jeunes de 18 &agrave; 21 ans auront l&rsquo;occasion de d&eacute;poser des <span class=\"glossaryLink\"  aria-describedby=\"tt\"  data-cmtooltip=\"&lt;div class=glossaryItemTitle&gt;Bulletins de vote&lt;\/div&gt;&lt;div class=glossaryItemBody&gt;&amp;lt;!-- wp:paragraph --&amp;gt;Papier sur lequel les personnes votantes expriment leur choix parmi les candidat(e)s&amp;lt;br\/&amp;gt;&amp;lt;!-- \/wp:paragraph --&amp;gt;&amp;lt;!-- wp:paragraph --&amp;gt;&amp;lt;br\/&amp;gt;&amp;lt;!-- \/wp:paragraph --&amp;gt;&lt;\/div&gt;\"  data-gt-translate-attributes='[{\"attribute\":\"data-cmtooltip\", \"format\":\"html\"}]' tabindex='0' role='link'>bulletins de vote<\/span> municipaux dans l&rsquo;<span class=\"glossaryLink\"  aria-describedby=\"tt\"  data-cmtooltip=\"&lt;div class=glossaryItemTitle&gt;Urne&lt;\/div&gt;&lt;div class=glossaryItemBody&gt;&amp;lt;!-- wp:paragraph --&amp;gt;Bo&icirc;te cartonn&eacute;e servant &agrave; recueillir les bulletins de vote marqu&eacute;s.&amp;lt;br\/&amp;gt;&amp;lt;!-- \/wp:paragraph --&amp;gt;&lt;\/div&gt;\"  data-gt-translate-attributes='[{\"attribute\":\"data-cmtooltip\", \"format\":\"html\"}]' tabindex='0' role='link'>urne<\/span> pour la toute premi&egrave;re fois.&nbsp;<\/p>\n\n\n\n<p><strong>Un scrutin o&ugrave; plusieurs habitudes sont chamboul&eacute;es<\/strong>&nbsp;<\/p>\n\n\n\n<p>La <span class=\"glossaryLink\"  aria-describedby=\"tt\"  data-cmtooltip=\"&lt;div class=glossaryItemTitle&gt;P&eacute;riode &eacute;lectorale&lt;\/div&gt;&lt;div class=glossaryItemBody&gt;&amp;lt;!-- wp:paragraph --&amp;gt;P&eacute;riode pendant laquelle se d&eacute;roule l&amp;#039;&eacute;lection.&amp;lt;br\/&amp;gt;&amp;lt;!-- \/wp:paragraph --&amp;gt;&lt;\/div&gt;\"  data-gt-translate-attributes='[{\"attribute\":\"data-cmtooltip\", \"format\":\"html\"}]' tabindex='0' role='link'>p&eacute;riode &eacute;lectorale<\/span> de 2025 s&rsquo;est d&eacute;roul&eacute;e dans un contexte particulier partout au Qu&eacute;bec : l&rsquo;interruption des services postaux a boulevers&eacute; la planification des &eacute;lections et a men&eacute; les municipalit&eacute;s &agrave; utiliser des moyens alternatifs afin d&rsquo;informer la population relativement &agrave; l&rsquo;inscription sur la <span class=\"glossaryLink\"  aria-describedby=\"tt\"  data-cmtooltip=\"&lt;div class=glossaryItemTitle&gt;Liste &eacute;lectorale&lt;\/div&gt;&lt;div class=glossaryItemBody&gt;&amp;lt;!-- wp:paragraph --&amp;gt;Liste qui comprend les noms des &eacute;lecteur(-trice)s admissibles &agrave; voter.&amp;lt;br\/&amp;gt;&amp;lt;!-- \/wp:paragraph --&amp;gt;&lt;\/div&gt;\"  data-gt-translate-attributes='[{\"attribute\":\"data-cmtooltip\", \"format\":\"html\"}]' tabindex='0' role='link'>liste &eacute;lectorale<\/span> et les lieux de vote. &Agrave; Montr&eacute;al, les conditions s&rsquo;av&egrave;rent encore plus exceptionnelles alors que des interruptions du transport en commun ont &eacute;t&eacute; annonc&eacute;es plus t&ocirc;t cette semaine.&nbsp;<\/p>\n\n\n\n<p>&laquo; Nous aurons plus de 450 lieux de vote, r&eacute;partis dans tous les districts de la Ville, ouverts de 10 h &agrave; 20 h. Ces lieux de vote sont souvent &agrave; courte distance du domicile des &eacute;lectrices et des &eacute;lecteurs. Dans le contexte que nous connaissons, nous saluons l&rsquo;engagement de la population &agrave; exercer son droit de vote alors que de nombreuses habitudes sont boulevers&eacute;es &raquo;, d&eacute;clare le <span class=\"glossaryLink\"  aria-describedby=\"tt\"  data-cmtooltip=\"&lt;div class=glossaryItemTitle&gt;Pr&eacute;sident d&rsquo;&eacute;lection&lt;\/div&gt;&lt;div class=glossaryItemBody&gt;&amp;lt;!-- wp:table --&amp;gt;&amp;lt;figure class=&amp;quot;wp-block-table&amp;quot;&amp;gt;&amp;lt;table&amp;gt;&amp;lt;tbody&amp;gt;&amp;lt;tr&amp;gt;&amp;lt;td&amp;gt;Responsable de l&rsquo;&eacute;lection. Le greffier de la Ville est pr&eacute;sident d&amp;#039;&eacute;lection.&amp;lt;\/td&amp;gt;&amp;lt;\/tr&amp;gt;&amp;lt;\/tbody&amp;gt;&amp;lt;\/table&amp;gt;&amp;lt;\/figure&amp;gt;&amp;lt;!-- \/wp:table --&amp;gt;&lt;\/div&gt;\"  data-gt-translate-attributes='[{\"attribute\":\"data-cmtooltip\", \"format\":\"html\"}]' tabindex='0' role='link'>pr&eacute;sident d&rsquo;&eacute;lection<\/span>, M<sup>e<\/sup> Emmanuel Tani-Moore.&nbsp;<\/p>\n\n\n\n<p>Pr&eacute;cisons que le transport en commun est pr&eacute;vu en <a href=\"https:\/\/www.stm.info\/fr\/infos\/etat-du-service\/info-greve\" target=\"_blank\" rel=\"noreferrer noopener\">fin d&rsquo;apr&egrave;s-midi, dimanche<\/a>, et que l&rsquo;achalandage dans un endroit de vote peut &ecirc;tre normal &agrave; certains moments. &Eacute;lections Montr&eacute;al encourage notamment le transport actif et le covoiturage pour aller voter.&nbsp;&nbsp;<\/p>\n\n\n\n<p>Les &eacute;lectrices et les &eacute;lecteurs qui ne connaissent pas leur lieu de vote ou leur num&eacute;ro de <span class=\"glossaryLink\"  aria-describedby=\"tt\"  data-cmtooltip=\"&lt;div class=glossaryItemTitle&gt;Bureau de vote&lt;\/div&gt;&lt;div class=glossaryItemBody&gt;&amp;lt;!-- wp:paragraph --&amp;gt;Espace am&eacute;nag&eacute; o&ugrave; &Eacute;lections Montr&eacute;al accueille les &eacute;lectrices et les &eacute;lecteurs pour voter.&amp;lt;br\/&amp;gt;&amp;lt;!-- \/wp:paragraph --&amp;gt;&lt;\/div&gt;\"  data-gt-translate-attributes='[{\"attribute\":\"data-cmtooltip\", \"format\":\"html\"}]' tabindex='0' role='link'>bureau de vote<\/span> disposent de plusieurs moyens pour trouver cette information, soit en visitant <a href=\"https:\/\/elections.montreal.ca\/\" target=\"_blank\" rel=\"noreferrer noopener\">elections.montreal.ca<\/a>, appelant le 514-872-VOTE, &eacute;crivant &agrave; <a href=\"mailto:elections@montreal.ca\" target=\"_blank\" rel=\"noreferrer noopener\">elections@montreal.ca<\/a> ou se rendant dans un des <a href=\"https:\/\/elections.montreal.ca\/fr\/nous-joindre-en-point-de-services\/\" target=\"_blank\" rel=\"noreferrer noopener\">points de service<\/a> d&rsquo;&Eacute;lections Montr&eacute;al. Rappelons que l&rsquo;avis <em>Appel au vote<\/em> n&rsquo;est pas obligatoire pour voter.&nbsp;<\/p>\n\n\n\n<p><strong>Plus d&rsquo;un million de bulletins de vote &agrave; compter apr&egrave;s la cl&ocirc;ture du vote<\/strong>&nbsp;<\/p>\n\n\n\n<p>En raison de la taille de la Ville et de ses postes &eacute;lectifs, en 2021, ce sont plus de 1,5 million de bulletins de vote qui ont &eacute;t&eacute; compt&eacute;s, un &agrave; un, au terme du scrutin. Ce dimanche, le personnel du <span class=\"glossaryLink\"  aria-describedby=\"tt\"  data-cmtooltip=\"&lt;div class=glossaryItemTitle&gt;Scrutin&lt;\/div&gt;&lt;div class=glossaryItemBody&gt;&amp;lt;!-- wp:paragraph --&amp;gt;Jour de l&amp;#039;&eacute;lection o&ugrave; les &eacute;lectrices et les &eacute;lecteurs sont appel&eacute;s &agrave; voter.&amp;lt;br\/&amp;gt;&amp;lt;!-- \/wp:paragraph --&amp;gt;&lt;\/div&gt;\"  data-gt-translate-attributes='[{\"attribute\":\"data-cmtooltip\", \"format\":\"html\"}]' tabindex='0' role='link'>scrutin<\/span> proc&eacute;dera au d&eacute;pouillement des votes dans les meilleurs d&eacute;lais apr&egrave;s la cl&ocirc;ture du scrutin. D&egrave;s que possible apr&egrave;s 20 h, les r&eacute;sultats pr&eacute;liminaires de l&rsquo;&eacute;lection seront disponibles au fur et &agrave; mesure &agrave; <a href=\"https:\/\/elections.montreal.ca\/\" target=\"_blank\" rel=\"noreferrer noopener\">elections.montreal.ca<\/a>.&nbsp;&nbsp;<\/p>\n\n\n\n<p><strong>Planifiez votre vote<\/strong>&nbsp;<\/p>\n\n\n\n<ul class=\"wp-block-list\">\n<li>Pour toute information concernant o&ugrave; et quand voter, visitez <a href=\"https:\/\/elections.montreal.ca\/\" target=\"_blank\" rel=\"noreferrer noopener\">elections.montreal.ca<\/a>, appelez au (514) 872-VOTE (8683), &eacute;crivez &agrave; <a href=\"mailto:elections@montreal.ca\" target=\"_blank\" rel=\"noreferrer noopener\">elections@montreal.ca<\/a> ou pr&eacute;sentez-vous dans un de nos <a href=\"https:\/\/elections.montreal.ca\/fr\/nous-joindre-en-point-de-services\/\" target=\"_blank\" rel=\"noreferrer noopener\">points de service<\/a>&nbsp;&nbsp;<\/li>\n\n\n\n<li>L&rsquo;avis <em>Appel au vote<\/em> n&rsquo;est pas obligatoire pour voter&nbsp;<\/li>\n\n\n\n<li>Les profils de personnes candidates ainsi que les d&eacute;tails de l&rsquo;accessibilit&eacute; universelle des lieux de vote sont disponibles &agrave; <a href=\"https:\/\/elections.montreal.ca\/\" target=\"_blank\" rel=\"noreferrer noopener\">elections.montreal.ca<\/a>&nbsp;&nbsp;<\/li>\n\n\n\n<li>Pour voter, vous aurez besoin d&rsquo;une pi&egrave;ce d&rsquo;identit&eacute;&nbsp;&nbsp;<\/li>\n\n\n\n<li>Pour toute information sur le <a href=\"https:\/\/www.stm.info\/fr\/infos\/etat-du-service\/info-greve\" target=\"_blank\" rel=\"noreferrer noopener\">transport en commun et ses horaires<\/a>&nbsp;<\/li>\n<\/ul>\n\n\n\n<p><strong>Pour les m&eacute;dias qui souhaitent prendre des images au cours du scrutin, voici les lieux o&ugrave; il sera possible de se rendre :<\/strong>&nbsp;<\/p>\n\n\n<div class=\"gutenberg-table\">\n<figure class=\"wp-block-table is-style-stripes\"><table class=\"has-fixed-layout\"><tbody><tr><td rowspan=\"4\">Vote le <span class=\"glossaryLink\"  aria-describedby=\"tt\"  data-cmtooltip=\"&lt;div class=glossaryItemTitle&gt;Jour du scrutin&lt;\/div&gt;&lt;div class=glossaryItemBody&gt;&amp;lt;!-- wp:paragraph --&amp;gt;Principale journ&eacute;e de vote&amp;lt;br\/&amp;gt;&amp;lt;!-- \/wp:paragraph --&amp;gt;&lt;\/div&gt;\"  data-gt-translate-attributes='[{\"attribute\":\"data-cmtooltip\", \"format\":\"html\"}]' tabindex='0' role='link'>jour du scrutin<\/span>&nbsp;&nbsp;<br>(2 novembre de 10 h &agrave; 20 h)&nbsp;&nbsp;<\/td><td><strong>Pavillon du parc Giuseppe-Garibaldi (Saint-L&eacute;onard)<\/strong>&nbsp;<br>7125, rue Li&eacute;nart, &agrave; la salle polyvalente&nbsp;<\/td><\/tr><tr><td><strong>Mairie d&rsquo;arrondissement de Villeray &ndash; Saint-Michel &ndash; Parc-Extension<\/strong>&nbsp;<br>405, avenue Ogilvy&nbsp;Salle du conseil, 2e &eacute;tage&nbsp;<\/td><\/tr><tr><td><strong>&Eacute;cole Baril (Hochelaga-Maisonneuve)<\/strong>&nbsp;<br>3603, rue Adam, gymnase&nbsp;<\/td><\/tr><tr><td><strong>March&eacute; Bonsecours (Ville-Marie)<\/strong>&nbsp;<br>325, rue de la Commune Est, Salle de la Commune&nbsp;<\/td><\/tr><\/tbody><\/table><\/figure>\n<\/div>\n\n\n<p><\/p>\n\n\n\n<p><strong>Consignes entourant la captation d&rsquo;images &agrave; l&rsquo;int&eacute;rieur des lieux de vote<\/strong>&nbsp;<\/p>\n\n\n\n<ul class=\"wp-block-list\">\n<li>SVP vous annoncer au superviseur de l&rsquo;endroit &agrave; l&rsquo;arriv&eacute;e&nbsp;<\/li>\n\n\n\n<li>Ne pas capter de son&nbsp;<\/li>\n\n\n\n<li>Ne pas capter des images comportant des renseignements personnels&nbsp;<\/li>\n\n\n\n<li>Pr&eacute;server le secret du vote&nbsp;<\/li>\n\n\n\n<li>Favoriser les plans larges o&ugrave; il n&rsquo;est pas possible d&rsquo;identifier les &eacute;lecteurs&nbsp;<\/li>\n\n\n\n<li>Merci de ne pas nuire au bon d&eacute;roulement du vote&nbsp;<\/li>\n<\/ul>\n\n\n\n<p class=\"has-text-align-center has-very-light-gray-to-cyan-bluish-gray-gradient-background has-background\">Source et information :<br><strong>Relations m&eacute;dias :<\/strong>&nbsp;&nbsp;<a href=\"https:\/\/elections.montreal.ca\/fr\/\">&Eacute;lections Montr&eacute;al<\/a><br><a href=\"mailto:relationsmedias@montreal.ca\">elections.medias@montreal.ca<\/a><\/p>\n\n\n\n<p><\/p>\n","protected":false},"excerpt":{"rendered":"<p>Montr\u00e9al, le 31 octobre 2025 \u2013 Le jour officiel du scrutin aura lieu ce dimanche 2 novembre entre 10 h et 20 h dans la Ville de Montr\u00e9al. Ce moment fort de la d\u00e9mocratie permettra aux Montr\u00e9alaises et Montr\u00e9alais de choisir les 103 personnes qui les repr\u00e9senteront \u00e0 la mairie de la Ville, au conseil &hellip; <a href=\"https:\/\/elections.montreal.ca\/fr\/la-journee-officielle-du-scrutin-est-ce-dimanche\/\">Continued<\/a><\/p>\n","protected":false},"author":25,"featured_media":0,"comment_status":"open","ping_status":"open","sticky":false,"template":"","format":"standard","meta":{"_acf_changed":false,"_relevanssi_hide_post":"","_relevanssi_hide_content":"","_relevanssi_pin_for_all":"","_relevanssi_pin_keywords":"","_relevanssi_unpin_keywords":"","_relevanssi_related_keywords":"","_relevanssi_related_include_ids":"","_relevanssi_related_exclude_ids":"","_relevanssi_related_no_append":"","_relevanssi_related_not_related":"","_relevanssi_related_posts":"12062,12205,18203,12271,13868,17929","_relevanssi_noindex_reason":"","inline_featured_image":false,"footnotes":""},"categories":[105],"tags":[],"class_list":["post-20957","post","type-post","status-publish","format-standard","hentry","category-communiques-de-presse"],"acf":[],"yoast_head":"<!-- This site is optimized with the Yoast SEO plugin v27.4 - https:\/\/yoast.com\/product\/yoast-seo-wordpress\/ -->\n<title>La journ\u00e9e officielle du scrutin est ce dimanche\u00a0 - \u00c9lections Montr\u00e9al<\/title>\n<meta name=\"robots\" content=\"index, follow, max-snippet:-1, max-image-preview:large, max-video-preview:-1\" \/>\n<link rel=\"canonical\" href=\"https:\/\/elections.montreal.ca\/fr\/la-journee-officielle-du-scrutin-est-ce-dimanche\/\" \/>\n<meta property=\"og:locale\" content=\"fr_FR\" \/>\n<meta property=\"og:type\" content=\"article\" \/>\n<meta property=\"og:title\" content=\"La journ\u00e9e officielle du scrutin est ce dimanche\u00a0 - \u00c9lections Montr\u00e9al\" \/>\n<meta property=\"og:description\" content=\"Montr\u00e9al, le 31 octobre 2025 \u2013 Le jour officiel du scrutin aura lieu ce dimanche 2 novembre entre 10 h et 20 h dans la Ville de Montr\u00e9al. Ce moment fort de la d\u00e9mocratie permettra aux Montr\u00e9alaises et Montr\u00e9alais de choisir les 103 personnes qui les repr\u00e9senteront \u00e0 la mairie de la Ville, au conseil &hellip; Continued\" \/>\n<meta property=\"og:url\" content=\"https:\/\/elections.montreal.ca\/fr\/la-journee-officielle-du-scrutin-est-ce-dimanche\/\" \/>\n<meta property=\"og:site_name\" content=\"\u00c9lections Montr\u00e9al\" \/>\n<meta property=\"article:publisher\" content=\"https:\/\/www.facebook.com\/electionMTL\" \/>\n<meta property=\"article:published_time\" content=\"2025-10-31T14:11:42+00:00\" \/>\n<meta property=\"article:modified_time\" content=\"2025-10-31T14:11:44+00:00\" \/>\n<meta name=\"author\" content=\"Muriel Kodjo\" \/>\n<meta name=\"twitter:card\" content=\"summary_large_image\" \/>\n<meta name=\"twitter:creator\" content=\"@election_MTL\" \/>\n<meta name=\"twitter:site\" content=\"@election_MTL\" \/>\n<meta name=\"twitter:label1\" content=\"\u00c9crit par\" \/>\n\t<meta name=\"twitter:data1\" content=\"Muriel Kodjo\" \/>\n\t<meta name=\"twitter:label2\" content=\"Dur\u00e9e de lecture estim\u00e9e\" \/>\n\t<meta name=\"twitter:data2\" content=\"4 minutes\" \/>\n<script type=\"application\/ld+json\" class=\"yoast-schema-graph\">{\"@context\":\"https:\\\/\\\/schema.org\",\"@graph\":[{\"@type\":\"Article\",\"@id\":\"https:\\\/\\\/elections.montreal.ca\\\/fr\\\/la-journee-officielle-du-scrutin-est-ce-dimanche\\\/#article\",\"isPartOf\":{\"@id\":\"https:\\\/\\\/elections.montreal.ca\\\/fr\\\/la-journee-officielle-du-scrutin-est-ce-dimanche\\\/\"},\"author\":{\"name\":\"Muriel Kodjo\",\"@id\":\"https:\\\/\\\/elections.montreal.ca\\\/fr\\\/#\\\/schema\\\/person\\\/32b280bee344d5bbae3b15391a1c6797\"},\"headline\":\"La journ\u00e9e officielle du scrutin est ce dimanche\u00a0\",\"datePublished\":\"2025-10-31T14:11:42+00:00\",\"dateModified\":\"2025-10-31T14:11:44+00:00\",\"mainEntityOfPage\":{\"@id\":\"https:\\\/\\\/elections.montreal.ca\\\/fr\\\/la-journee-officielle-du-scrutin-est-ce-dimanche\\\/\"},\"wordCount\":754,\"commentCount\":0,\"articleSection\":[\"Communiqu\u00e9s de presse\"],\"inLanguage\":\"fr-FR\",\"potentialAction\":[{\"@type\":\"CommentAction\",\"name\":\"Comment\",\"target\":[\"https:\\\/\\\/elections.montreal.ca\\\/fr\\\/la-journee-officielle-du-scrutin-est-ce-dimanche\\\/#respond\"]}]},{\"@type\":\"WebPage\",\"@id\":\"https:\\\/\\\/elections.montreal.ca\\\/fr\\\/la-journee-officielle-du-scrutin-est-ce-dimanche\\\/\",\"url\":\"https:\\\/\\\/elections.montreal.ca\\\/fr\\\/la-journee-officielle-du-scrutin-est-ce-dimanche\\\/\",\"name\":\"La journ\u00e9e officielle du scrutin est ce dimanche\u00a0 - \u00c9lections Montr\u00e9al\",\"isPartOf\":{\"@id\":\"https:\\\/\\\/elections.montreal.ca\\\/fr\\\/#website\"},\"datePublished\":\"2025-10-31T14:11:42+00:00\",\"dateModified\":\"2025-10-31T14:11:44+00:00\",\"author\":{\"@id\":\"https:\\\/\\\/elections.montreal.ca\\\/fr\\\/#\\\/schema\\\/person\\\/32b280bee344d5bbae3b15391a1c6797\"},\"breadcrumb\":{\"@id\":\"https:\\\/\\\/elections.montreal.ca\\\/fr\\\/la-journee-officielle-du-scrutin-est-ce-dimanche\\\/#breadcrumb\"},\"inLanguage\":\"fr-FR\",\"potentialAction\":[{\"@type\":\"ReadAction\",\"target\":[\"https:\\\/\\\/elections.montreal.ca\\\/fr\\\/la-journee-officielle-du-scrutin-est-ce-dimanche\\\/\"]}]},{\"@type\":\"BreadcrumbList\",\"@id\":\"https:\\\/\\\/elections.montreal.ca\\\/fr\\\/la-journee-officielle-du-scrutin-est-ce-dimanche\\\/#breadcrumb\",\"itemListElement\":[{\"@type\":\"ListItem\",\"position\":1,\"name\":\"Accueil\",\"item\":\"https:\\\/\\\/elections.montreal.ca\\\/fr\\\/\"},{\"@type\":\"ListItem\",\"position\":2,\"name\":\"La journ\u00e9e officielle du scrutin est ce dimanche\u00a0\"}]},{\"@type\":\"WebSite\",\"@id\":\"https:\\\/\\\/elections.montreal.ca\\\/fr\\\/#website\",\"url\":\"https:\\\/\\\/elections.montreal.ca\\\/fr\\\/\",\"name\":\"\u00c9lections Montr\u00e9al\",\"description\":\"Un site utilisant WordPress\",\"potentialAction\":[{\"@type\":\"SearchAction\",\"target\":{\"@type\":\"EntryPoint\",\"urlTemplate\":\"https:\\\/\\\/elections.montreal.ca\\\/fr\\\/?s={search_term_string}\"},\"query-input\":{\"@type\":\"PropertyValueSpecification\",\"valueRequired\":true,\"valueName\":\"search_term_string\"}}],\"inLanguage\":\"fr-FR\"},{\"@type\":\"Person\",\"@id\":\"https:\\\/\\\/elections.montreal.ca\\\/fr\\\/#\\\/schema\\\/person\\\/32b280bee344d5bbae3b15391a1c6797\",\"name\":\"Muriel Kodjo\",\"image\":{\"@type\":\"ImageObject\",\"inLanguage\":\"fr-FR\",\"@id\":\"https:\\\/\\\/secure.gravatar.com\\\/avatar\\\/db980330b61c50d056a0e275a513cc8594a1c49dfcef1aa60d8e1b5f3c818b35?s=96&d=mm&r=g\",\"url\":\"https:\\\/\\\/secure.gravatar.com\\\/avatar\\\/db980330b61c50d056a0e275a513cc8594a1c49dfcef1aa60d8e1b5f3c818b35?s=96&d=mm&r=g\",\"contentUrl\":\"https:\\\/\\\/secure.gravatar.com\\\/avatar\\\/db980330b61c50d056a0e275a513cc8594a1c49dfcef1aa60d8e1b5f3c818b35?s=96&d=mm&r=g\",\"caption\":\"Muriel Kodjo\"},\"sameAs\":[\"https:\\\/\\\/elections.montreal.ca\\\/\"],\"url\":\"https:\\\/\\\/elections.montreal.ca\\\/fr\\\/author\\\/muriel-kodjomontreal-ca\\\/\"}]}<\/script>\n<!-- \/ Yoast SEO plugin. -->","yoast_head_json":{"title":"La journ\u00e9e officielle du scrutin est ce dimanche\u00a0 - \u00c9lections Montr\u00e9al","robots":{"index":"index","follow":"follow","max-snippet":"max-snippet:-1","max-image-preview":"max-image-preview:large","max-video-preview":"max-video-preview:-1"},"canonical":"https:\/\/elections.montreal.ca\/fr\/la-journee-officielle-du-scrutin-est-ce-dimanche\/","og_locale":"fr_FR","og_type":"article","og_title":"La journ\u00e9e officielle du scrutin est ce dimanche\u00a0 - \u00c9lections Montr\u00e9al","og_description":"Montr\u00e9al, le 31 octobre 2025 \u2013 Le jour officiel du scrutin aura lieu ce dimanche 2 novembre entre 10 h et 20 h dans la Ville de Montr\u00e9al. Ce moment fort de la d\u00e9mocratie permettra aux Montr\u00e9alaises et Montr\u00e9alais de choisir les 103 personnes qui les repr\u00e9senteront \u00e0 la mairie de la Ville, au conseil &hellip; Continued","og_url":"https:\/\/elections.montreal.ca\/fr\/la-journee-officielle-du-scrutin-est-ce-dimanche\/","og_site_name":"\u00c9lections Montr\u00e9al","article_publisher":"https:\/\/www.facebook.com\/electionMTL","article_published_time":"2025-10-31T14:11:42+00:00","article_modified_time":"2025-10-31T14:11:44+00:00","author":"Muriel Kodjo","twitter_card":"summary_large_image","twitter_creator":"@election_MTL","twitter_site":"@election_MTL","twitter_misc":{"\u00c9crit par":"Muriel Kodjo","Dur\u00e9e de lecture estim\u00e9e":"4 minutes"},"schema":{"@context":"https:\/\/schema.org","@graph":[{"@type":"Article","@id":"https:\/\/elections.montreal.ca\/fr\/la-journee-officielle-du-scrutin-est-ce-dimanche\/#article","isPartOf":{"@id":"https:\/\/elections.montreal.ca\/fr\/la-journee-officielle-du-scrutin-est-ce-dimanche\/"},"author":{"name":"Muriel Kodjo","@id":"https:\/\/elections.montreal.ca\/fr\/#\/schema\/person\/32b280bee344d5bbae3b15391a1c6797"},"headline":"La journ\u00e9e officielle du scrutin est ce dimanche\u00a0","datePublished":"2025-10-31T14:11:42+00:00","dateModified":"2025-10-31T14:11:44+00:00","mainEntityOfPage":{"@id":"https:\/\/elections.montreal.ca\/fr\/la-journee-officielle-du-scrutin-est-ce-dimanche\/"},"wordCount":754,"commentCount":0,"articleSection":["Communiqu\u00e9s de presse"],"inLanguage":"fr-FR","potentialAction":[{"@type":"CommentAction","name":"Comment","target":["https:\/\/elections.montreal.ca\/fr\/la-journee-officielle-du-scrutin-est-ce-dimanche\/#respond"]}]},{"@type":"WebPage","@id":"https:\/\/elections.montreal.ca\/fr\/la-journee-officielle-du-scrutin-est-ce-dimanche\/","url":"https:\/\/elections.montreal.ca\/fr\/la-journee-officielle-du-scrutin-est-ce-dimanche\/","name":"La journ\u00e9e officielle du scrutin est ce dimanche\u00a0 - \u00c9lections Montr\u00e9al","isPartOf":{"@id":"https:\/\/elections.montreal.ca\/fr\/#website"},"datePublished":"2025-10-31T14:11:42+00:00","dateModified":"2025-10-31T14:11:44+00:00","author":{"@id":"https:\/\/elections.montreal.ca\/fr\/#\/schema\/person\/32b280bee344d5bbae3b15391a1c6797"},"breadcrumb":{"@id":"https:\/\/elections.montreal.ca\/fr\/la-journee-officielle-du-scrutin-est-ce-dimanche\/#breadcrumb"},"inLanguage":"fr-FR","potentialAction":[{"@type":"ReadAction","target":["https:\/\/elections.montreal.ca\/fr\/la-journee-officielle-du-scrutin-est-ce-dimanche\/"]}]},{"@type":"BreadcrumbList","@id":"https:\/\/elections.montreal.ca\/fr\/la-journee-officielle-du-scrutin-est-ce-dimanche\/#breadcrumb","itemListElement":[{"@type":"ListItem","position":1,"name":"Accueil","item":"https:\/\/elections.montreal.ca\/fr\/"},{"@type":"ListItem","position":2,"name":"La journ\u00e9e officielle du scrutin est ce dimanche\u00a0"}]},{"@type":"WebSite","@id":"https:\/\/elections.montreal.ca\/fr\/#website","url":"https:\/\/elections.montreal.ca\/fr\/","name":"\u00c9lections Montr\u00e9al","description":"Un site utilisant WordPress","potentialAction":[{"@type":"SearchAction","target":{"@type":"EntryPoint","urlTemplate":"https:\/\/elections.montreal.ca\/fr\/?s={search_term_string}"},"query-input":{"@type":"PropertyValueSpecification","valueRequired":true,"valueName":"search_term_string"}}],"inLanguage":"fr-FR"},{"@type":"Person","@id":"https:\/\/elections.montreal.ca\/fr\/#\/schema\/person\/32b280bee344d5bbae3b15391a1c6797","name":"Muriel Kodjo","image":{"@type":"ImageObject","inLanguage":"fr-FR","@id":"https:\/\/secure.gravatar.com\/avatar\/db980330b61c50d056a0e275a513cc8594a1c49dfcef1aa60d8e1b5f3c818b35?s=96&d=mm&r=g","url":"https:\/\/secure.gravatar.com\/avatar\/db980330b61c50d056a0e275a513cc8594a1c49dfcef1aa60d8e1b5f3c818b35?s=96&d=mm&r=g","contentUrl":"https:\/\/secure.gravatar.com\/avatar\/db980330b61c50d056a0e275a513cc8594a1c49dfcef1aa60d8e1b5f3c818b35?s=96&d=mm&r=g","caption":"Muriel Kodjo"},"sameAs":["https:\/\/elections.montreal.ca\/"],"url":"https:\/\/elections.montreal.ca\/fr\/author\/muriel-kodjomontreal-ca\/"}]}},"_links":{"self":[{"href":"https:\/\/elections.montreal.ca\/fr\/wp-json\/wp\/v2\/posts\/20957","targetHints":{"allow":["GET"]}}],"collection":[{"href":"https:\/\/elections.montreal.ca\/fr\/wp-json\/wp\/v2\/posts"}],"about":[{"href":"https:\/\/elections.montreal.ca\/fr\/wp-json\/wp\/v2\/types\/post"}],"author":[{"embeddable":true,"href":"https:\/\/elections.montreal.ca\/fr\/wp-json\/wp\/v2\/users\/25"}],"replies":[{"embeddable":true,"href":"https:\/\/elections.montreal.ca\/fr\/wp-json\/wp\/v2\/comments?post=20957"}],"version-history":[{"count":3,"href":"https:\/\/elections.montreal.ca\/fr\/wp-json\/wp\/v2\/posts\/20957\/revisions"}],"predecessor-version":[{"id":20960,"href":"https:\/\/elections.montreal.ca\/fr\/wp-json\/wp\/v2\/posts\/20957\/revisions\/20960"}],"wp:attachment":[{"href":"https:\/\/elections.montreal.ca\/fr\/wp-json\/wp\/v2\/media?parent=20957"}],"wp:term":[{"taxonomy":"category","embeddable":true,"href":"https:\/\/elections.montreal.ca\/fr\/wp-json\/wp\/v2\/categories?post=20957"},{"taxonomy":"post_tag","embeddable":true,"href":"https:\/\/elections.montreal.ca\/fr\/wp-json\/wp\/v2\/tags?post=20957"}],"curies":[{"name":"wp","href":"https:\/\/api.w.org\/{rel}","templated":true}]}}