{"id":12271,"date":"2024-01-10T19:59:49","date_gmt":"2024-01-11T00:59:49","guid":{"rendered":"https:\/\/elections.montreal.ca\/?p=12271"},"modified":"2025-08-13T12:07:00","modified_gmt":"2025-08-13T17:07:00","slug":"mise-a-jour-de-la-carte-electorale-montrealaise","status":"publish","type":"post","link":"https:\/\/elections.montreal.ca\/fr\/mise-a-jour-de-la-carte-electorale-montrealaise\/","title":{"rendered":"Mise \u00e0 jour de la carte \u00e9lectorale montr\u00e9alaise\u00a0"},"content":{"rendered":"<p>&Agrave; l&rsquo;approche de l&rsquo;<span class=\"glossaryLink\"  aria-describedby=\"tt\"  data-cmtooltip=\"&lt;div class=glossaryItemTitle&gt;&Eacute;lection g&eacute;n&eacute;rale&lt;\/div&gt;&lt;div class=glossaryItemBody&gt;&amp;lt;!-- wp:paragraph --&amp;gt;&Eacute;lection qui se d&eacute;roule tous les quatre ans tenue simultan&eacute;ment dans les 19 arrondissements de la Ville de Montr&eacute;al ainsi que dans l&amp;#039;ensemble des autres municipalit&eacute;s qu&eacute;b&eacute;coises le premier dimanche du mois de novembre. L&amp;#039;&eacute;lection g&eacute;n&eacute;rale vise &agrave; combler les 103 postes &eacute;lectifs que compte la Ville de Montr&eacute;al.&amp;lt;br\/&amp;gt;&amp;lt;!-- \/wp:paragraph --&amp;gt;&lt;\/div&gt;\"  data-gt-translate-attributes='[{\"attribute\":\"data-cmtooltip\", \"format\":\"html\"}]' tabindex='0' role='link'>&eacute;lection g&eacute;n&eacute;rale<\/span> de novembre 2025, la mise &agrave; jour de la carte des 58 districts &eacute;lectoraux de la Ville de Montr&eacute;al sera effectu&eacute;e.&nbsp;<\/p>\n\n\n\n<p>La division du territoire de la Ville de Montr&eacute;al est en quelque sorte la premi&egrave;re &eacute;tape de la planification du <span class=\"glossaryLink\"  aria-describedby=\"tt\"  data-cmtooltip=\"&lt;div class=glossaryItemTitle&gt;Scrutin&lt;\/div&gt;&lt;div class=glossaryItemBody&gt;&amp;lt;!-- wp:paragraph --&amp;gt;Jour de l&amp;#039;&eacute;lection o&ugrave; les &eacute;lectrices et les &eacute;lecteurs sont appel&eacute;s &agrave; voter.&amp;lt;br\/&amp;gt;&amp;lt;!-- \/wp:paragraph --&amp;gt;&lt;\/div&gt;\"  data-gt-translate-attributes='[{\"attribute\":\"data-cmtooltip\", \"format\":\"html\"}]' tabindex='0' role='link'>scrutin<\/span> de 2025, o&ugrave; plus d&rsquo;un million de personnes seront appel&eacute;es &agrave; voter. &nbsp;<\/p>\n\n\n\n<p><strong>Pourquoi la mise &agrave; jour de la&nbsp;carte &eacute;lectorale doit-elle faite ?<\/strong>&nbsp;<\/p>\n\n\n\n<p>Lors de la prochaine &eacute;lection g&eacute;n&eacute;rale, les &eacute;lectrices et les &eacute;lecteurs voteront pour la mairesse ou maire de la Ville ainsi que les mairesses et maires d&rsquo;<span class=\"glossaryLink\"  aria-describedby=\"tt\"  data-cmtooltip=\"&lt;div class=glossaryItemTitle&gt;Arrondissement&lt;\/div&gt;&lt;div class=glossaryItemBody&gt;&amp;lt;!-- wp:paragraph --&amp;gt;Division administrative de la Ville&amp;lt;br\/&amp;gt;&amp;lt;!-- \/wp:paragraph --&amp;gt;&lt;\/div&gt;\"  data-gt-translate-attributes='[{\"attribute\":\"data-cmtooltip\", \"format\":\"html\"}]' tabindex='0' role='link'>arrondissement<\/span> et les conseill&egrave;res et conseillers. Ensemble, ces personnes repr&eacute;sentent la population de la Ville, des arrondissements et des districts &eacute;lectoraux.&nbsp;<\/p>\n\n\n\n<p>La r&eacute;vision des districts &eacute;lectoraux s&rsquo;av&egrave;re n&eacute;cessaire&nbsp;lorsque le nombre d&rsquo;&eacute;lectrices et d&rsquo;&eacute;lecteurs inscrit(e)s pour voter au sein de ces derniers ont &eacute;volu&eacute; de mani&egrave;re significative par rapport aux autres districts d&rsquo;un m&ecirc;me arrondissement. &nbsp;<\/p>\n\n\n\n<p>La modification des limites des districts qui en r&eacute;sulte est un exercice encadr&eacute; par la Loi sur les &eacute;lections et les r&eacute;f&eacute;rendums dans les municipalit&eacute;s.&nbsp;<\/p>\n\n\n\n<p>Lorsque la variation du nombre d&rsquo;&eacute;lectrices et d&rsquo;&eacute;lecteurs est plus modeste ou stable, la reconduction des limites des districts est g&eacute;n&eacute;ralement envisag&eacute;e. &nbsp;<\/p>\n\n\n\n<p><strong>&Eacute;volution d&eacute;mographique et repr&eacute;sentation<\/strong>&nbsp;<\/p>\n\n\n\n<p>Pour assurer une repr&eacute;sentation juste et &eacute;quitable dans un contexte d&rsquo;&eacute;volution d&eacute;mographique, la r&eacute;vision des limites des districts &eacute;lectoraux est effectu&eacute;e l&rsquo;ann&eacute;e qui pr&eacute;c&egrave;de une &eacute;lection g&eacute;n&eacute;rale.&nbsp;<\/p>\n\n\n\n<p>La division du territoire en districts &eacute;lectoraux doit respecter de grands crit&egrave;res, par exemple :&nbsp;<\/p>\n\n\n\n<ul class=\"wp-block-list\">\n<li>Les districts &eacute;lectoraux doivent &ecirc;tre d&eacute;limit&eacute;s de fa&ccedil;on &agrave; ce que chaque conseill&egrave;re et conseiller d&rsquo;un m&ecirc;me arrondissement repr&eacute;sente sensiblement le m&ecirc;me nombre d&rsquo;&eacute;lectrices et d&rsquo;&eacute;lecteurs;&nbsp;<\/li>\n\n\n\n<li>Les districts doivent respecter les arrondissements et les barri&egrave;res physiques.&nbsp;<\/li>\n<\/ul>\n\n\n\n<p><strong>R&eacute;sum&eacute; des grandes &eacute;tapes de la r&eacute;vision de la carte &eacute;lectorale au cours des premiers mois de&nbsp;2024<\/strong>&nbsp;<\/p>\n\n\n<div class=\"gutenberg-table\">\n<figure class=\"wp-block-table\"><table><tbody><tr><td><\/td><td>&Eacute;tape<\/td><td>Intervenant\/Instance<\/td><\/tr><tr><td>1<\/td><td>Analyse de l&rsquo;&eacute;volution d&eacute;mographique et propositions de modifications ou de reconduction<\/td><td>&Eacute;lections Montr&eacute;al<\/td><\/tr><tr><td>2<\/td><td>Adoption du projet de r&egrave;glement&nbsp;<\/td><td><span class=\"glossaryLink\"  aria-describedby=\"tt\"  data-cmtooltip=\"&lt;div class=glossaryItemTitle&gt;Conseil municipal&lt;\/div&gt;&lt;div class=glossaryItemBody&gt;&amp;lt;!-- wp:paragraph --&amp;gt;Principale instance d&eacute;cisionnelle de la Ville de Montr&eacute;al compos&eacute;e de 65 personnes &eacute;lues.&amp;lt;br\/&amp;gt;&amp;lt;!-- \/wp:paragraph --&amp;gt;&lt;\/div&gt;\"  data-gt-translate-attributes='[{\"attribute\":\"data-cmtooltip\", \"format\":\"html\"}]' tabindex='0' role='link'>Conseil municipal<\/span><\/td><\/tr><tr><td>3<\/td><td>Publication de l&rsquo;Avis du projet de r&egrave;glement&nbsp;<\/td><td>&Eacute;lections Montr&eacute;al<\/td><\/tr><tr><td>4<\/td><td>R&eacute;ception des oppositions au projet de r&egrave;glement&nbsp;<\/td><td>Service du greffe<\/td><\/tr><tr><td>5<\/td><td>Tenue d&rsquo;une assembl&eacute;e publique (le cas &eacute;chant)&nbsp;<\/td><td>Conseil municipal<\/td><\/tr><tr><td>6<\/td><td>Adoption du r&egrave;glement final&nbsp;<\/td><td>Conseil municipal<\/td><\/tr><\/tbody><\/table><\/figure>\n<\/div>\n\n\n<p><\/p>\n\n\n\n<p>Pour en savoir davantage sur la division du territoire municipal en districts &eacute;lectoraux, visitez le site web de la <a href=\"https:\/\/www.electionsquebec.qc.ca\/notre-institution\/commission-de-la-representation-electorale\/\" target=\"_blank\" rel=\"noreferrer noopener\">Commission de la repr&eacute;sentation &eacute;lectorale<\/a>&nbsp;ou communiquez avec &Eacute;lections Montr&eacute;al.&nbsp;<\/p>\n","protected":false},"excerpt":{"rendered":"<p>\u00c0 l\u2019approche de l&rsquo;\u00e9lection g\u00e9n\u00e9rale de novembre 2025, la mise \u00e0 jour de la carte des 58 districts \u00e9lectoraux de la Ville de Montr\u00e9al sera effectu\u00e9e.&nbsp; La division du territoire de la Ville de Montr\u00e9al est en quelque sorte la premi\u00e8re \u00e9tape de la planification du scrutin de 2025, o\u00f9 plus d\u2019un million de personnes &hellip; <a href=\"https:\/\/elections.montreal.ca\/fr\/mise-a-jour-de-la-carte-electorale-montrealaise\/\">Continued<\/a><\/p>\n","protected":false},"author":16,"featured_media":0,"comment_status":"open","ping_status":"open","sticky":false,"template":"","format":"standard","meta":{"_acf_changed":false,"_relevanssi_hide_post":"","_relevanssi_hide_content":"","_relevanssi_pin_for_all":"","_relevanssi_pin_keywords":"","_relevanssi_unpin_keywords":"","_relevanssi_related_keywords":"","_relevanssi_related_include_ids":"","_relevanssi_related_exclude_ids":"","_relevanssi_related_no_append":"","_relevanssi_related_not_related":"","_relevanssi_related_posts":"7641,8485,8548,8593,8623,8643","_relevanssi_noindex_reason":"","inline_featured_image":false,"footnotes":""},"categories":[89],"tags":[],"class_list":["post-12271","post","type-post","status-publish","format-standard","hentry","category-elections-generales"],"acf":[],"yoast_head":"<!-- This site is optimized with the Yoast SEO plugin v27.4 - https:\/\/yoast.com\/product\/yoast-seo-wordpress\/ -->\n<title>Mise \u00e0 jour de la carte \u00e9lectorale montr\u00e9alaise\u00a0 - \u00c9lections Montr\u00e9al<\/title>\n<meta name=\"robots\" content=\"index, follow, max-snippet:-1, max-image-preview:large, max-video-preview:-1\" \/>\n<link rel=\"canonical\" href=\"https:\/\/elections.montreal.ca\/fr\/mise-a-jour-de-la-carte-electorale-montrealaise\/\" \/>\n<meta property=\"og:locale\" content=\"fr_FR\" \/>\n<meta property=\"og:type\" content=\"article\" \/>\n<meta property=\"og:title\" content=\"Mise \u00e0 jour de la carte \u00e9lectorale montr\u00e9alaise\u00a0 - \u00c9lections Montr\u00e9al\" \/>\n<meta property=\"og:description\" content=\"\u00c0 l\u2019approche de l&rsquo;\u00e9lection g\u00e9n\u00e9rale de novembre 2025, la mise \u00e0 jour de la carte des 58 districts \u00e9lectoraux de la Ville de Montr\u00e9al sera effectu\u00e9e.&nbsp; La division du territoire de la Ville de Montr\u00e9al est en quelque sorte la premi\u00e8re \u00e9tape de la planification du scrutin de 2025, o\u00f9 plus d\u2019un million de personnes &hellip; Continued\" \/>\n<meta property=\"og:url\" content=\"https:\/\/elections.montreal.ca\/fr\/mise-a-jour-de-la-carte-electorale-montrealaise\/\" \/>\n<meta property=\"og:site_name\" content=\"\u00c9lections Montr\u00e9al\" \/>\n<meta property=\"article:publisher\" content=\"https:\/\/www.facebook.com\/electionMTL\" \/>\n<meta property=\"article:published_time\" content=\"2024-01-11T00:59:49+00:00\" \/>\n<meta property=\"article:modified_time\" content=\"2025-08-13T17:07:00+00:00\" \/>\n<meta name=\"author\" content=\"Charles-Andr\u00e9 Goulet\" \/>\n<meta name=\"twitter:card\" content=\"summary_large_image\" \/>\n<meta name=\"twitter:creator\" content=\"@election_MTL\" \/>\n<meta name=\"twitter:site\" content=\"@election_MTL\" \/>\n<meta name=\"twitter:label1\" content=\"\u00c9crit par\" \/>\n\t<meta name=\"twitter:data1\" content=\"Charles-Andr\u00e9 Goulet\" \/>\n\t<meta name=\"twitter:label2\" content=\"Dur\u00e9e de lecture estim\u00e9e\" \/>\n\t<meta name=\"twitter:data2\" content=\"2 minutes\" \/>\n<script type=\"application\/ld+json\" class=\"yoast-schema-graph\">{\"@context\":\"https:\\\/\\\/schema.org\",\"@graph\":[{\"@type\":\"Article\",\"@id\":\"https:\\\/\\\/elections.montreal.ca\\\/fr\\\/mise-a-jour-de-la-carte-electorale-montrealaise\\\/#article\",\"isPartOf\":{\"@id\":\"https:\\\/\\\/elections.montreal.ca\\\/fr\\\/mise-a-jour-de-la-carte-electorale-montrealaise\\\/\"},\"author\":{\"name\":\"Charles-Andr\u00e9 Goulet\",\"@id\":\"https:\\\/\\\/elections.montreal.ca\\\/fr\\\/#\\\/schema\\\/person\\\/0b3488cb0f1a820eee5a587371dab72b\"},\"headline\":\"Mise \u00e0 jour de la carte \u00e9lectorale montr\u00e9alaise\u00a0\",\"datePublished\":\"2024-01-11T00:59:49+00:00\",\"dateModified\":\"2025-08-13T17:07:00+00:00\",\"mainEntityOfPage\":{\"@id\":\"https:\\\/\\\/elections.montreal.ca\\\/fr\\\/mise-a-jour-de-la-carte-electorale-montrealaise\\\/\"},\"wordCount\":479,\"commentCount\":0,\"articleSection\":[\"\u00c9lections g\u00e9n\u00e9rales\"],\"inLanguage\":\"fr-FR\",\"potentialAction\":[{\"@type\":\"CommentAction\",\"name\":\"Comment\",\"target\":[\"https:\\\/\\\/elections.montreal.ca\\\/fr\\\/mise-a-jour-de-la-carte-electorale-montrealaise\\\/#respond\"]}]},{\"@type\":\"WebPage\",\"@id\":\"https:\\\/\\\/elections.montreal.ca\\\/fr\\\/mise-a-jour-de-la-carte-electorale-montrealaise\\\/\",\"url\":\"https:\\\/\\\/elections.montreal.ca\\\/fr\\\/mise-a-jour-de-la-carte-electorale-montrealaise\\\/\",\"name\":\"Mise \u00e0 jour de la carte \u00e9lectorale montr\u00e9alaise\u00a0 - \u00c9lections Montr\u00e9al\",\"isPartOf\":{\"@id\":\"https:\\\/\\\/elections.montreal.ca\\\/fr\\\/#website\"},\"datePublished\":\"2024-01-11T00:59:49+00:00\",\"dateModified\":\"2025-08-13T17:07:00+00:00\",\"author\":{\"@id\":\"https:\\\/\\\/elections.montreal.ca\\\/fr\\\/#\\\/schema\\\/person\\\/0b3488cb0f1a820eee5a587371dab72b\"},\"breadcrumb\":{\"@id\":\"https:\\\/\\\/elections.montreal.ca\\\/fr\\\/mise-a-jour-de-la-carte-electorale-montrealaise\\\/#breadcrumb\"},\"inLanguage\":\"fr-FR\",\"potentialAction\":[{\"@type\":\"ReadAction\",\"target\":[\"https:\\\/\\\/elections.montreal.ca\\\/fr\\\/mise-a-jour-de-la-carte-electorale-montrealaise\\\/\"]}]},{\"@type\":\"BreadcrumbList\",\"@id\":\"https:\\\/\\\/elections.montreal.ca\\\/fr\\\/mise-a-jour-de-la-carte-electorale-montrealaise\\\/#breadcrumb\",\"itemListElement\":[{\"@type\":\"ListItem\",\"position\":1,\"name\":\"Accueil\",\"item\":\"https:\\\/\\\/elections.montreal.ca\\\/fr\\\/\"},{\"@type\":\"ListItem\",\"position\":2,\"name\":\"Mise \u00e0 jour de la carte \u00e9lectorale montr\u00e9alaise\u00a0\"}]},{\"@type\":\"WebSite\",\"@id\":\"https:\\\/\\\/elections.montreal.ca\\\/fr\\\/#website\",\"url\":\"https:\\\/\\\/elections.montreal.ca\\\/fr\\\/\",\"name\":\"\u00c9lections Montr\u00e9al\",\"description\":\"Un site utilisant WordPress\",\"potentialAction\":[{\"@type\":\"SearchAction\",\"target\":{\"@type\":\"EntryPoint\",\"urlTemplate\":\"https:\\\/\\\/elections.montreal.ca\\\/fr\\\/?s={search_term_string}\"},\"query-input\":{\"@type\":\"PropertyValueSpecification\",\"valueRequired\":true,\"valueName\":\"search_term_string\"}}],\"inLanguage\":\"fr-FR\"},{\"@type\":\"Person\",\"@id\":\"https:\\\/\\\/elections.montreal.ca\\\/fr\\\/#\\\/schema\\\/person\\\/0b3488cb0f1a820eee5a587371dab72b\",\"name\":\"Charles-Andr\u00e9 Goulet\",\"image\":{\"@type\":\"ImageObject\",\"inLanguage\":\"fr-FR\",\"@id\":\"https:\\\/\\\/secure.gravatar.com\\\/avatar\\\/5734f5209d0faad12e1d0df66e4fbac7d5bede4d2b86f04d6bceadfd44b9db03?s=96&d=mm&r=g\",\"url\":\"https:\\\/\\\/secure.gravatar.com\\\/avatar\\\/5734f5209d0faad12e1d0df66e4fbac7d5bede4d2b86f04d6bceadfd44b9db03?s=96&d=mm&r=g\",\"contentUrl\":\"https:\\\/\\\/secure.gravatar.com\\\/avatar\\\/5734f5209d0faad12e1d0df66e4fbac7d5bede4d2b86f04d6bceadfd44b9db03?s=96&d=mm&r=g\",\"caption\":\"Charles-Andr\u00e9 Goulet\"},\"url\":\"https:\\\/\\\/elections.montreal.ca\\\/fr\\\/author\\\/charles-andre-gouletmontreal-ca\\\/\"}]}<\/script>\n<!-- \/ Yoast SEO plugin. -->","yoast_head_json":{"title":"Mise \u00e0 jour de la carte \u00e9lectorale montr\u00e9alaise\u00a0 - \u00c9lections Montr\u00e9al","robots":{"index":"index","follow":"follow","max-snippet":"max-snippet:-1","max-image-preview":"max-image-preview:large","max-video-preview":"max-video-preview:-1"},"canonical":"https:\/\/elections.montreal.ca\/fr\/mise-a-jour-de-la-carte-electorale-montrealaise\/","og_locale":"fr_FR","og_type":"article","og_title":"Mise \u00e0 jour de la carte \u00e9lectorale montr\u00e9alaise\u00a0 - \u00c9lections Montr\u00e9al","og_description":"\u00c0 l\u2019approche de l&rsquo;\u00e9lection g\u00e9n\u00e9rale de novembre 2025, la mise \u00e0 jour de la carte des 58 districts \u00e9lectoraux de la Ville de Montr\u00e9al sera effectu\u00e9e.&nbsp; La division du territoire de la Ville de Montr\u00e9al est en quelque sorte la premi\u00e8re \u00e9tape de la planification du scrutin de 2025, o\u00f9 plus d\u2019un million de personnes &hellip; Continued","og_url":"https:\/\/elections.montreal.ca\/fr\/mise-a-jour-de-la-carte-electorale-montrealaise\/","og_site_name":"\u00c9lections Montr\u00e9al","article_publisher":"https:\/\/www.facebook.com\/electionMTL","article_published_time":"2024-01-11T00:59:49+00:00","article_modified_time":"2025-08-13T17:07:00+00:00","author":"Charles-Andr\u00e9 Goulet","twitter_card":"summary_large_image","twitter_creator":"@election_MTL","twitter_site":"@election_MTL","twitter_misc":{"\u00c9crit par":"Charles-Andr\u00e9 Goulet","Dur\u00e9e de lecture estim\u00e9e":"2 minutes"},"schema":{"@context":"https:\/\/schema.org","@graph":[{"@type":"Article","@id":"https:\/\/elections.montreal.ca\/fr\/mise-a-jour-de-la-carte-electorale-montrealaise\/#article","isPartOf":{"@id":"https:\/\/elections.montreal.ca\/fr\/mise-a-jour-de-la-carte-electorale-montrealaise\/"},"author":{"name":"Charles-Andr\u00e9 Goulet","@id":"https:\/\/elections.montreal.ca\/fr\/#\/schema\/person\/0b3488cb0f1a820eee5a587371dab72b"},"headline":"Mise \u00e0 jour de la carte \u00e9lectorale montr\u00e9alaise\u00a0","datePublished":"2024-01-11T00:59:49+00:00","dateModified":"2025-08-13T17:07:00+00:00","mainEntityOfPage":{"@id":"https:\/\/elections.montreal.ca\/fr\/mise-a-jour-de-la-carte-electorale-montrealaise\/"},"wordCount":479,"commentCount":0,"articleSection":["\u00c9lections g\u00e9n\u00e9rales"],"inLanguage":"fr-FR","potentialAction":[{"@type":"CommentAction","name":"Comment","target":["https:\/\/elections.montreal.ca\/fr\/mise-a-jour-de-la-carte-electorale-montrealaise\/#respond"]}]},{"@type":"WebPage","@id":"https:\/\/elections.montreal.ca\/fr\/mise-a-jour-de-la-carte-electorale-montrealaise\/","url":"https:\/\/elections.montreal.ca\/fr\/mise-a-jour-de-la-carte-electorale-montrealaise\/","name":"Mise \u00e0 jour de la carte \u00e9lectorale montr\u00e9alaise\u00a0 - \u00c9lections Montr\u00e9al","isPartOf":{"@id":"https:\/\/elections.montreal.ca\/fr\/#website"},"datePublished":"2024-01-11T00:59:49+00:00","dateModified":"2025-08-13T17:07:00+00:00","author":{"@id":"https:\/\/elections.montreal.ca\/fr\/#\/schema\/person\/0b3488cb0f1a820eee5a587371dab72b"},"breadcrumb":{"@id":"https:\/\/elections.montreal.ca\/fr\/mise-a-jour-de-la-carte-electorale-montrealaise\/#breadcrumb"},"inLanguage":"fr-FR","potentialAction":[{"@type":"ReadAction","target":["https:\/\/elections.montreal.ca\/fr\/mise-a-jour-de-la-carte-electorale-montrealaise\/"]}]},{"@type":"BreadcrumbList","@id":"https:\/\/elections.montreal.ca\/fr\/mise-a-jour-de-la-carte-electorale-montrealaise\/#breadcrumb","itemListElement":[{"@type":"ListItem","position":1,"name":"Accueil","item":"https:\/\/elections.montreal.ca\/fr\/"},{"@type":"ListItem","position":2,"name":"Mise \u00e0 jour de la carte \u00e9lectorale montr\u00e9alaise\u00a0"}]},{"@type":"WebSite","@id":"https:\/\/elections.montreal.ca\/fr\/#website","url":"https:\/\/elections.montreal.ca\/fr\/","name":"\u00c9lections Montr\u00e9al","description":"Un site utilisant WordPress","potentialAction":[{"@type":"SearchAction","target":{"@type":"EntryPoint","urlTemplate":"https:\/\/elections.montreal.ca\/fr\/?s={search_term_string}"},"query-input":{"@type":"PropertyValueSpecification","valueRequired":true,"valueName":"search_term_string"}}],"inLanguage":"fr-FR"},{"@type":"Person","@id":"https:\/\/elections.montreal.ca\/fr\/#\/schema\/person\/0b3488cb0f1a820eee5a587371dab72b","name":"Charles-Andr\u00e9 Goulet","image":{"@type":"ImageObject","inLanguage":"fr-FR","@id":"https:\/\/secure.gravatar.com\/avatar\/5734f5209d0faad12e1d0df66e4fbac7d5bede4d2b86f04d6bceadfd44b9db03?s=96&d=mm&r=g","url":"https:\/\/secure.gravatar.com\/avatar\/5734f5209d0faad12e1d0df66e4fbac7d5bede4d2b86f04d6bceadfd44b9db03?s=96&d=mm&r=g","contentUrl":"https:\/\/secure.gravatar.com\/avatar\/5734f5209d0faad12e1d0df66e4fbac7d5bede4d2b86f04d6bceadfd44b9db03?s=96&d=mm&r=g","caption":"Charles-Andr\u00e9 Goulet"},"url":"https:\/\/elections.montreal.ca\/fr\/author\/charles-andre-gouletmontreal-ca\/"}]}},"_links":{"self":[{"href":"https:\/\/elections.montreal.ca\/fr\/wp-json\/wp\/v2\/posts\/12271","targetHints":{"allow":["GET"]}}],"collection":[{"href":"https:\/\/elections.montreal.ca\/fr\/wp-json\/wp\/v2\/posts"}],"about":[{"href":"https:\/\/elections.montreal.ca\/fr\/wp-json\/wp\/v2\/types\/post"}],"author":[{"embeddable":true,"href":"https:\/\/elections.montreal.ca\/fr\/wp-json\/wp\/v2\/users\/16"}],"replies":[{"embeddable":true,"href":"https:\/\/elections.montreal.ca\/fr\/wp-json\/wp\/v2\/comments?post=12271"}],"version-history":[{"count":1,"href":"https:\/\/elections.montreal.ca\/fr\/wp-json\/wp\/v2\/posts\/12271\/revisions"}],"predecessor-version":[{"id":14988,"href":"https:\/\/elections.montreal.ca\/fr\/wp-json\/wp\/v2\/posts\/12271\/revisions\/14988"}],"wp:attachment":[{"href":"https:\/\/elections.montreal.ca\/fr\/wp-json\/wp\/v2\/media?parent=12271"}],"wp:term":[{"taxonomy":"category","embeddable":true,"href":"https:\/\/elections.montreal.ca\/fr\/wp-json\/wp\/v2\/categories?post=12271"},{"taxonomy":"post_tag","embeddable":true,"href":"https:\/\/elections.montreal.ca\/fr\/wp-json\/wp\/v2\/tags?post=12271"}],"curies":[{"name":"wp","href":"https:\/\/api.w.org\/{rel}","templated":true}]}}